{"id":111,"date":"2009-04-28T21:43:24","date_gmt":"2009-04-29T00:43:24","guid":{"rendered":"http:\/\/marceloguerra.com.br\/?p=111"},"modified":"2009-04-28T21:43:24","modified_gmt":"2009-04-29T00:43:24","slug":"biografico-em-sao-paulo","status":"publish","type":"post","link":"https:\/\/site.marceloguerra.com.br\/index.php\/2009\/04\/28\/biografico-em-sao-paulo\/","title":{"rendered":"Biogr\u00e1fico em S\u00e3o Paulo"},"content":{"rendered":"<p><a rel=\"attachment wp-att-266\" href=\"http:\/\/marceloguerra.com.br\/?attachment_id=266\"><img data-recalc-dims=\"1\" loading=\"lazy\" decoding=\"async\" class=\"aligncenter size-medium wp-image-266\" title=\"sao-paulo\" src=\"https:\/\/i0.wp.com\/daoterapias.com.br\/wp-content\/uploads\/2009\/03\/sao-paulo-300x200.jpg?resize=300%2C200\" alt=\"sao-paulo\" width=\"300\" height=\"200\" \/><\/a><\/p>\n<p>O trabalho <a title=\"View all posts filed under biogr\u00e1fico\" href=\"http:\/\/daoterapias.com.br\/category\/biografico\/\">biogr\u00e1fico<\/a> de base antropos\u00f3fica busca clarear o sentido da vida, a miss\u00e3o de vida, atrav\u00e9s do resgate de fatos da vida. Entender a pr\u00f3pria hist\u00f3ria permite transformar o presente, e viver em plenitude dentro da miss\u00e3o de vida que escolhemos para n\u00f3s mesmos.<\/p>\n<p class=\"western\">O trabalho <a title=\"View all posts filed under biogr\u00e1fico\" href=\"http:\/\/daoterapias.com.br\/category\/biografico\/\">biogr\u00e1fico<\/a> lan\u00e7a m\u00e3o de reflex\u00e3o individual, resgatando os fatos do passado de cada um; da partilha desses fatos em grupo, onde muitas vezes o outro funciona como espelho; e atrav\u00e9s da arte, que \u00e9 a forma de express\u00e3o pela qual o Eu interior melhor se expressa. Assim jogamos luz em nossas viv\u00eancias, e percebemos como nosso destino se manifesta, para podermos fazer as mudan\u00e7as necess\u00e1rias em nossas vidas para agir de acordo com ele e sermos mais felizes e saud\u00e1veis.<\/p>\n<p class=\"western\" align=\"justify\"><span style=\"color: #ff0000;\"><strong>Em S\u00e3o Paulo, de 6 a 9 de agosto de 2009, no <a href=\"http:\/\/www.centropaulus.com.br\/\" target=\"_blank\" rel=\"noopener\">Centro Paulus<\/a>, em Parelheiros.<\/strong><\/span><\/p>\n<p class=\"western\" align=\"justify\"><span style=\"color: #ff0000;\"><strong><a rel=\"attachment wp-att-267\" href=\"http:\/\/marceloguerra.com.br\/?attachment_id=267\"><img data-recalc-dims=\"1\" loading=\"lazy\" decoding=\"async\" class=\"aligncenter size-medium wp-image-267\" title=\"Centro Paulus\" src=\"https:\/\/i0.wp.com\/daoterapias.com.br\/wp-content\/uploads\/2009\/03\/novaredes-300x164.jpg?resize=300%2C164\" alt=\"Centro Paulus\" width=\"300\" height=\"164\" \/><\/a><br \/>\n<\/strong><\/span>\n<\/p>\n<p class=\"western\" style=\"margin-bottom: 0cm; line-height: 0.39cm;\"><strong><span style=\"color: #c00000;\"><span style=\"font-size: small;\"><span style=\"text-decoration: underline;\">Coordenadores: <\/span><\/span><\/span><\/strong><\/p>\n<ul>\n<li>\n<p class=\"western\" style=\"margin-bottom: 0cm; line-height: 0.39cm;\"><strong><span style=\"font-size: small;\"><span style=\"text-decoration: underline;\">Ros\u00e2ngela Cunha<\/span><\/span><\/strong><\/p>\n<\/li>\n<\/ul>\n<p class=\"western\" style=\"margin-bottom: 0cm; line-height: 0.39cm;\"><strong><span style=\"font-size: small;\">Psic\u00f3loga, Gestalt-terapeuta e<\/span><\/strong><strong> <\/strong><strong><span style=\"font-size: small;\"><span style=\"font-style: normal;\">Terapeuta Biogr\u00e1fica <\/span><\/span><\/strong><\/p>\n<ul>\n<li>\n<p class=\"western\" style=\"margin-bottom: 0cm;\"><strong><span style=\"font-size: small;\"><span style=\"text-decoration: underline;\">Marcelo \tGuerra<\/span><\/span><\/strong><\/p>\n<\/li>\n<\/ul>\n<p class=\"western\" style=\"margin-bottom: 0cm;\"><strong><span style=\"font-size: small;\">M\u00e9dico Homeopata e Terapeuta Biogr\u00e1fico<\/span><\/strong><\/p>\n<p class=\"western\" style=\"margin-bottom: 0cm;\">\n<p class=\"western\" style=\"margin-bottom: 0cm;\">Escreva para\u00a0<a href=\"mailto:santana@terapiabiografica.com.br\">santana@terapiabiografica.com.br<\/a> ou <a href=\"mailto:marceloguerra@terapiabiografica.com.br\">marceloguerra@terapiabiografica.com.br<\/a> para mais informa\u00e7\u00f5es. Ou ligue para falar com um de n\u00f3s:<\/p>\n<p class=\"western\" style=\"margin-bottom: 0cm;\">(11)<span class=\"number\" dir=\"ltr\">3070-8982<\/span>, Marcelo (deixe mensagem de voz com seu n\u00famero, se estiver indispon\u00edvel no momento)<\/p>\n<p class=\"western\" style=\"margin-bottom: 0cm;\">(32)8887-8660, Ros\u00e2ngela<\/p>\n<p class=\"western\" style=\"margin-bottom: 0cm;\">Investimento:<\/p>\n<ul>\n<li>at\u00e9 31 de maio &#8211; R$1240,00 ou 4x R$310,00;<\/li>\n<li>at\u00e9 30 de junho &#8211; R$1360,00 ou 4x R$340,00<\/li>\n<li>at\u00e9 6 de agosto &#8211; R$1460,00 ou 4\u00d7365,00<\/li>\n<\/ul>\n<p>A confirma\u00e7\u00e3o da inscri\u00e7\u00e3o \u00e9 feita mediante o dep\u00f3sito da primeira parcela. O pre\u00e7o inclui os honor\u00e1rios, o material a ser usado nas viv\u00eancias, a hospedagem em apartamento individual com alimenta\u00e7\u00e3o completa durante o per\u00edodo do workshop, e os custos com a divulga\u00e7\u00e3o.<\/p>\n","protected":false},"excerpt":{"rendered":"<p>O trabalho biogr\u00e1fico de base antropos\u00f3fica busca clarear o sentido da vida, a miss\u00e3o de vida, atrav\u00e9s do resgate de fatos da vida. Entender a pr\u00f3pria hist\u00f3ria permite transformar o presente, e viver em plenitude dentro da miss\u00e3o de vida que escolhemos para n\u00f3s mesmos. O trabalho biogr\u00e1fico lan\u00e7a m\u00e3o de reflex\u00e3o individual, resgatando os &hellip; <\/p>\n<p class=\"link-more\"><a href=\"https:\/\/site.marceloguerra.com.br\/index.php\/2009\/04\/28\/biografico-em-sao-paulo\/\" class=\"more-link\">Continue reading<span class=\"screen-reader-text\"> &#8220;Biogr\u00e1fico em S\u00e3o Paulo&#8221;<\/span><\/a><\/p>\n","protected":false},"author":1,"featured_media":0,"comment_status":"closed","ping_status":"open","sticky":false,"template":"","format":"standard","meta":{"_jetpack_memberships_contains_paid_content":false,"footnotes":""},"categories":[6],"tags":[95],"class_list":["post-111","post","type-post","status-publish","format-standard","hentry","category-biografico","tag-sao-paulo"],"jetpack_featured_media_url":"","jetpack-related-posts":[],"jetpack_sharing_enabled":true,"_links":{"self":[{"href":"https:\/\/site.marceloguerra.com.br\/index.php\/wp-json\/wp\/v2\/posts\/111","targetHints":{"allow":["GET"]}}],"collection":[{"href":"https:\/\/site.marceloguerra.com.br\/index.php\/wp-json\/wp\/v2\/posts"}],"about":[{"href":"https:\/\/site.marceloguerra.com.br\/index.php\/wp-json\/wp\/v2\/types\/post"}],"author":[{"embeddable":true,"href":"https:\/\/site.marceloguerra.com.br\/index.php\/wp-json\/wp\/v2\/users\/1"}],"replies":[{"embeddable":true,"href":"https:\/\/site.marceloguerra.com.br\/index.php\/wp-json\/wp\/v2\/comments?post=111"}],"version-history":[{"count":0,"href":"https:\/\/site.marceloguerra.com.br\/index.php\/wp-json\/wp\/v2\/posts\/111\/revisions"}],"wp:attachment":[{"href":"https:\/\/site.marceloguerra.com.br\/index.php\/wp-json\/wp\/v2\/media?parent=111"}],"wp:term":[{"taxonomy":"category","embeddable":true,"href":"https:\/\/site.marceloguerra.com.br\/index.php\/wp-json\/wp\/v2\/categories?post=111"},{"taxonomy":"post_tag","embeddable":true,"href":"https:\/\/site.marceloguerra.com.br\/index.php\/wp-json\/wp\/v2\/tags?post=111"}],"curies":[{"name":"wp","href":"https:\/\/api.w.org\/{rel}","templated":true}]}}