{"id":1487,"date":"2023-03-27T05:30:00","date_gmt":"2023-03-27T08:30:00","guid":{"rendered":"https:\/\/marceloguerra.com.br\/?p=1487"},"modified":"2023-03-27T05:30:00","modified_gmt":"2023-03-27T08:30:00","slug":"tristeza-luto-e-depressao-como-diferenciar-e-lidar-com-esses-sentimentos","status":"publish","type":"post","link":"https:\/\/site.marceloguerra.com.br\/index.php\/2023\/03\/27\/tristeza-luto-e-depressao-como-diferenciar-e-lidar-com-esses-sentimentos\/","title":{"rendered":"Tristeza, luto e depress\u00e3o: como diferenciar e lidar com esses sentimentos"},"content":{"rendered":"<div class=\"wp-block-image\">\n<figure class=\"aligncenter size-full\"><a href=\"https:\/\/i0.wp.com\/site.marceloguerra.com.br\/wp-content\/uploads\/2023\/03\/luto.jpeg?ssl=1\"><img data-recalc-dims=\"1\" loading=\"lazy\" decoding=\"async\" width=\"525\" height=\"804\" src=\"https:\/\/i0.wp.com\/site.marceloguerra.com.br\/wp-content\/uploads\/2023\/03\/luto.jpeg?resize=525%2C804&#038;ssl=1\" alt=\"\" class=\"wp-image-1488\" srcset=\"https:\/\/i0.wp.com\/site.marceloguerra.com.br\/wp-content\/uploads\/2023\/03\/luto.jpeg?w=550&amp;ssl=1 550w, https:\/\/i0.wp.com\/site.marceloguerra.com.br\/wp-content\/uploads\/2023\/03\/luto.jpeg?resize=196%2C300&amp;ssl=1 196w\" sizes=\"auto, (max-width: 525px) 100vw, 525px\" \/><\/a><\/figure>\n<\/div>\n\n\n<p class=\"has-text-align-right\">Marcelo Guerra<\/p>\n\n\n\n<p>Tristeza, luto e depress\u00e3o s\u00e3o tr\u00eas conceitos que podem se confundir, mas que t\u00eam caracter\u00edsticas distintas. A tristeza \u00e9 uma emo\u00e7\u00e3o natural e saud\u00e1vel que surge diante de situa\u00e7\u00f5es dif\u00edceis ou dolorosas da vida. Ela costuma ser passageira e n\u00e3o interfere no funcionamento normal da pessoa.<\/p>\n\n\n\n<p>O luto \u00e9 uma rea\u00e7\u00e3o \u00e0 perda de algu\u00e9m ou algo significativo, como um ente querido, um relacionamento ou um emprego. O luto envolve sentimentos de tristeza, saudade, raiva, culpa e desespero. O luto \u00e9 um processo que faz parte da vida e que pode durar de alguns meses a alguns anos. O luto n\u00e3o \u00e9 considerado um transtorno mental, mas pode se tornar um gatilho para a depress\u00e3o se n\u00e3o for elaborado adequadamente.<\/p>\n\n\n\n<p>A depress\u00e3o \u00e9 um transtorno mental caracterizado por uma tristeza persistente e profunda que afeta o humor, os pensamentos e o comportamento da pessoa. A depress\u00e3o pode ter causas biol\u00f3gicas, psicol\u00f3gicas ou sociais e nem sempre est\u00e1 relacionada a um fator desencadeante espec\u00edfico. A depress\u00e3o interfere na capacidade da pessoa de sentir prazer, ter esperan\u00e7a, se concentrar, tomar decis\u00f5es e se relacionar com os outros. A depress\u00e3o requer tratamento m\u00e9dico e psicoter\u00e1pico para ser superada.<\/p>\n\n\n\n<p>Portanto, a diferen\u00e7a entre tristeza, luto e depress\u00e3o est\u00e1 na intensidade, na dura\u00e7\u00e3o e no impacto dos sentimentos na vida da pessoa. A tristeza \u00e9 uma emo\u00e7\u00e3o normal que tende a passar com o tempo; o luto \u00e9 uma rea\u00e7\u00e3o \u00e0 perda que pode levar mais tempo para ser superado; e a depress\u00e3o \u00e9 uma doen\u00e7a que precisa de ajuda profissional para ser tratada.<\/p>\n","protected":false},"excerpt":{"rendered":"<p>Marcelo Guerra Tristeza, luto e depress\u00e3o s\u00e3o tr\u00eas conceitos que podem se confundir, mas que t\u00eam caracter\u00edsticas distintas. A tristeza \u00e9 uma emo\u00e7\u00e3o natural e saud\u00e1vel que surge diante de situa\u00e7\u00f5es dif\u00edceis ou dolorosas da vida. Ela costuma ser passageira e n\u00e3o interfere no funcionamento normal da pessoa. O luto \u00e9 uma rea\u00e7\u00e3o \u00e0 perda &hellip; <\/p>\n<p class=\"link-more\"><a href=\"https:\/\/site.marceloguerra.com.br\/index.php\/2023\/03\/27\/tristeza-luto-e-depressao-como-diferenciar-e-lidar-com-esses-sentimentos\/\" class=\"more-link\">Continue reading<span class=\"screen-reader-text\"> &#8220;Tristeza, luto e depress\u00e3o: como diferenciar e lidar com esses sentimentos&#8221;<\/span><\/a><\/p>\n","protected":false},"author":1,"featured_media":0,"comment_status":"closed","ping_status":"open","sticky":false,"template":"","format":"standard","meta":{"_jetpack_memberships_contains_paid_content":false,"footnotes":""},"categories":[4,9,14,18],"tags":[27,38,51,56],"class_list":["post-1487","post","type-post","status-publish","format-standard","hentry","category-analise-junguiana","category-homeopatia","category-psicologia-junguiana","category-terapia-biografica","tag-bemestar","tag-homeopatia-2","tag-qualidadedevida","tag-terapiabiografica"],"jetpack_featured_media_url":"","jetpack-related-posts":[],"jetpack_sharing_enabled":true,"_links":{"self":[{"href":"https:\/\/site.marceloguerra.com.br\/index.php\/wp-json\/wp\/v2\/posts\/1487","targetHints":{"allow":["GET"]}}],"collection":[{"href":"https:\/\/site.marceloguerra.com.br\/index.php\/wp-json\/wp\/v2\/posts"}],"about":[{"href":"https:\/\/site.marceloguerra.com.br\/index.php\/wp-json\/wp\/v2\/types\/post"}],"author":[{"embeddable":true,"href":"https:\/\/site.marceloguerra.com.br\/index.php\/wp-json\/wp\/v2\/users\/1"}],"replies":[{"embeddable":true,"href":"https:\/\/site.marceloguerra.com.br\/index.php\/wp-json\/wp\/v2\/comments?post=1487"}],"version-history":[{"count":0,"href":"https:\/\/site.marceloguerra.com.br\/index.php\/wp-json\/wp\/v2\/posts\/1487\/revisions"}],"wp:attachment":[{"href":"https:\/\/site.marceloguerra.com.br\/index.php\/wp-json\/wp\/v2\/media?parent=1487"}],"wp:term":[{"taxonomy":"category","embeddable":true,"href":"https:\/\/site.marceloguerra.com.br\/index.php\/wp-json\/wp\/v2\/categories?post=1487"},{"taxonomy":"post_tag","embeddable":true,"href":"https:\/\/site.marceloguerra.com.br\/index.php\/wp-json\/wp\/v2\/tags?post=1487"}],"curies":[{"name":"wp","href":"https:\/\/api.w.org\/{rel}","templated":true}]}}