{"id":170,"date":"2009-08-25T18:07:38","date_gmt":"2009-08-25T21:07:38","guid":{"rendered":"http:\/\/marceloguerra.com.br\/?p=170"},"modified":"2009-08-25T18:07:38","modified_gmt":"2009-08-25T21:07:38","slug":"workshop-biografico-em-juiz-de-fora","status":"publish","type":"post","link":"https:\/\/site.marceloguerra.com.br\/index.php\/2009\/08\/25\/workshop-biografico-em-juiz-de-fora\/","title":{"rendered":"Workshop Biogr\u00e1fico em Juiz de Fora"},"content":{"rendered":"<p class=\"western\" style=\"margin-bottom: 0cm;\" align=\"left\"><a rel=\"attachment wp-att-284\" href=\"http:\/\/marceloguerra.com.br\/?attachment_id=284\"><img data-recalc-dims=\"1\" loading=\"lazy\" decoding=\"async\" class=\"aligncenter size-full wp-image-284\" title=\"luz_sombra_titulo\" src=\"https:\/\/i0.wp.com\/daoterapias.com.br\/wp-content\/uploads\/2009\/04\/luz_sombra_titulo.jpg?resize=525%2C47\" alt=\"luz_sombra_titulo\" width=\"525\" height=\"47\" \/><\/a><img data-recalc-dims=\"1\" loading=\"lazy\" decoding=\"async\" class=\"aligncenter size-medium wp-image-176\" title=\"rembrandt-return-of-the-prodigal-son1\" src=\"https:\/\/i0.wp.com\/marceloguerra.com.br\/wp-content\/uploads\/2009\/08\/rembrandt-return-of-the-prodigal-son1-237x300.jpg?resize=237%2C300\" alt=\"rembrandt-return-of-the-prodigal-son1\" width=\"237\" height=\"300\" \/><\/p>\n<div style=\"margin-bottom: 0cm;\">\n<p>Cada vez mais nos afastamos de qualidades que retratam a ess\u00eancia do nosso EU, gerando como consequ\u00eancia sofrimento e dor. O workshop A Luz e a Sombra na Alma Humana tem por objetivo trabalhar de forma vivencial as for\u00e7as da alma vinculadas aos sentidos t\u00e9rmico e do olfato, ampliar a qualidade de contato, promover a conscientiza\u00e7\u00e3o dos mesmos e levar \u00e0 reflex\u00e3o sobre a forma como lidamos em nossa vida di\u00e1ria com a nossa pr\u00f3pria viol\u00eancia e v\u00edcios.<\/p>\n<p>Est\u00e1 baseado nos dois primeiros trabalhos de H\u00e9rcules, sendo destinado \u00e0s pessoas que desejam trabalhar o autodesenvolvimento.<\/p>\n<p><span style=\"text-decoration: underline;\"><strong>Metodologia:<\/strong><\/span><\/p>\n<p>Atividades art\u00edsticas, dan\u00e7as circulares e outras viv\u00eancias em grupo.<\/p><\/div>\n<p class=\"western\" style=\"margin-bottom: 0cm;\" align=\"left\"><span style=\"font-family: Arial,sans-serif;\"> <\/span><\/p>\n<p class=\"western\" style=\"margin-bottom: 0cm;\" align=\"left\"><span style=\"font-family: Arial,sans-serif;\"> <\/span><\/p>\n<ul>\n<li>\n<p class=\"western\" style=\"margin-bottom: 0cm; font-weight: normal;\" align=\"left\"><span style=\"font-family: Arial,sans-serif;\">Como \t\u00e9 o le\u00e3o dentro de mim? Como ele age e reage?<\/span><\/p>\n<\/li>\n<\/ul>\n<ul>\n<li>\n<p class=\"western\" style=\"margin-bottom: 0cm; font-weight: normal;\" align=\"left\"><span style=\"font-family: Arial,sans-serif;\">Que \tle\u00f5es eu enfrento na minha vida?<\/span><\/p>\n<\/li>\n<li>\n<p class=\"western\" style=\"margin-bottom: 0cm; font-weight: normal;\" align=\"left\"><span style=\"font-family: Arial,sans-serif;\">Como \teu lido com minha agressividade? Como eu lido com a agressividade \tdos outros?<\/span><\/p>\n<\/li>\n<li>\n<p class=\"western\" style=\"margin-bottom: 0cm; font-weight: normal;\" align=\"left\"><span style=\"font-family: Arial,sans-serif;\">Como \ts\u00e3o meus impulsos sociais e anti-sociais?<\/span><\/p>\n<\/li>\n<li>\n<p class=\"western\" style=\"margin-bottom: 0cm; font-weight: normal;\" align=\"left\"><span style=\"font-family: Arial,sans-serif;\">O \tque representam as cabe\u00e7as da hidra na minha vida?<\/span><\/p>\n<\/li>\n<li>\n<p class=\"western\" style=\"margin-bottom: 0cm; font-weight: normal;\" align=\"left\"><span style=\"font-family: Arial,sans-serif;\">Quais \ts\u00e3o as sombras que preciso levar \u00e0 luz para retirar sua for\u00e7a?<\/span><\/p>\n<\/li>\n<\/ul>\n<p class=\"western\" style=\"margin-bottom: 0cm; font-weight: normal;\" align=\"left\"><span style=\"font-family: Jokerman,fantasy;\"><strong><span style=\"background: #99ccff none repeat scroll 0% 0%;\">Quem coordena?<\/span><\/strong><\/span><\/p>\n<p class=\"western\" style=\"margin-bottom: 0cm; font-weight: normal;\" align=\"left\"><span style=\"color: #000000;\"><span style=\"font-family: Arial,sans-serif;\"><span style=\"font-size: medium;\"><span style=\"background: transparent none repeat scroll 0% 0%;\"><span style=\"background: #ffff00 none repeat scroll 0% 0%;\">Ros\u00e2ngela Cunha<\/span>, Psic\u00f3loga, Gestalt-terapeuta e Terapeuta Biogr\u00e1fica<\/span><\/span><\/span><\/span><\/p>\n<p class=\"western\" style=\"margin-bottom: 0cm; font-weight: normal;\" align=\"left\"><span style=\"color: #000000;\"><span style=\"font-family: Arial,sans-serif;\"><span style=\"font-size: medium;\"><span style=\"background: transparent none repeat scroll 0% 0%;\"><span style=\"background: #ffff00 none repeat scroll 0% 0%;\">Marcelo Guerra<\/span>, M\u00e9dico Homeopata e Terapeuta Biogr\u00e1fico<\/span><\/span><\/span><\/span><\/p>\n<p class=\"western\" style=\"margin-bottom: 0cm; font-weight: normal;\" align=\"left\"><span style=\"font-family: Gill Sans MT,sans-serif;\"><span style=\"font-size: medium;\">(<a href=\"http:\/\/www.formacaobiograficamg.com\/\" target=\"_blank\" rel=\"noopener\">Forma\u00e7\u00e3o Biogr\u00e1fica &#8211; Minas Gerais &#8211; Escola Livre de Forma\u00e7\u00e3o Biogr\u00e1fica<\/a><br \/>\nMembro do International Trainers Forum em conex\u00e3o com a General Anthroposophical Section of the School of Spiritual Science do Goetheanum &#8211; Dornach\/Sui\u00e7a.)<\/span><\/span>\n<\/p>\n<p class=\"western\" style=\"margin-bottom: 0cm;\" align=\"left\"><span style=\"font-family: Jokerman,fantasy;\"><strong><span style=\"background: #99ccff none repeat scroll 0% 0%;\">Quando e onde?<\/span><\/strong><\/span><\/p>\n<p class=\"western\" style=\"margin-bottom: 0cm; font-weight: normal;\" align=\"left\">De 13 a 15 de novembro de 2009, no Semin\u00e1rio da Floresta, em Juiz de Fora.<\/p>\n<p class=\"western\" style=\"margin-bottom: 0cm;\" align=\"left\"><span style=\"font-family: Jokerman,fantasy;\"><strong><span style=\"background: #99ccff none repeat scroll 0% 0%;\">Quanto? <\/span><\/strong><\/span><span style=\"color: #000000;\"><span style=\"font-family: Arial,sans-serif;\"><span style=\"font-weight: normal;\"><span style=\"background: transparent none repeat scroll 0% 0%;\">Os pre\u00e7os incluem estadia em quartos individuais, com alimenta\u00e7\u00e3o no per\u00edodo do workshop. A inscri\u00e7\u00e3o \u00e9 efetivada com o dep\u00f3sito da primeira parcela.<\/span><\/span><\/span><\/span><\/p>\n<ul>\n<li>R$680,00 ou 4X R$170,00.<\/li>\n<\/ul>\n<p class=\"western\" style=\"margin-bottom: 0cm;\" align=\"left\"><span style=\"font-family: Jokerman,fantasy;\"><strong><span style=\"background: #99ccff none repeat scroll 0% 0%;\">Mais informa\u00e7\u00f5es e inscri\u00e7\u00f5es:<\/span><\/strong><\/span><\/p>\n<p class=\"western\" style=\"margin-bottom: 0cm; font-weight: normal;\" align=\"left\"><span style=\"color: #000000;\"><span style=\"font-family: Arial,sans-serif;\"><span style=\"background: transparent none repeat scroll 0% 0%;\">Ros\u00e2ngela: (31)8532-2217ou (32)8887-8660\t\t<a href=\"mailto:santana@terapiabiografica.com.br\"><span lang=\"zxx\"><span style=\"text-decoration: underline;\">santana@terapiabiografica.com.br<\/span><\/span><\/a><\/span><\/span><\/span><\/p>\n<p class=\"western\" style=\"margin-bottom: 0cm;\" align=\"left\"><span style=\"color: #000000;\"><span style=\"font-family: Arial,sans-serif;\"><span style=\"font-weight: normal;\"><span style=\"background: transparent none repeat scroll 0% 0%;\">Marcelo: (22)9254-4866 ou (21)7697-8982 <\/span><\/span><\/span><\/span><a href=\"mailto:marceloguerra@terapiabiografica.com.br\">marceloguerra@terapiabiografica.com.br<\/a><\/p>\n","protected":false},"excerpt":{"rendered":"<p>Cada vez mais nos afastamos de qualidades que retratam a ess\u00eancia do nosso EU, gerando como consequ\u00eancia sofrimento e dor. O workshop A Luz e a Sombra na Alma Humana tem por objetivo trabalhar de forma vivencial as for\u00e7as da alma vinculadas aos sentidos t\u00e9rmico e do olfato, ampliar a qualidade de contato, promover a &hellip; <\/p>\n<p class=\"link-more\"><a href=\"https:\/\/site.marceloguerra.com.br\/index.php\/2009\/08\/25\/workshop-biografico-em-juiz-de-fora\/\" class=\"more-link\">Continue reading<span class=\"screen-reader-text\"> &#8220;Workshop Biogr\u00e1fico em Juiz de Fora&#8221;<\/span><\/a><\/p>\n","protected":false},"author":1,"featured_media":0,"comment_status":"closed","ping_status":"open","sticky":false,"template":"","format":"standard","meta":{"_jetpack_memberships_contains_paid_content":false,"footnotes":""},"categories":[6,10,15,17,18],"tags":[],"class_list":["post-170","post","type-post","status-publish","format-standard","hentry","category-biografico","category-juiz-de-fora","category-psicoterapia","category-terapia","category-terapia-biografica"],"jetpack_featured_media_url":"","jetpack-related-posts":[],"jetpack_sharing_enabled":true,"_links":{"self":[{"href":"https:\/\/site.marceloguerra.com.br\/index.php\/wp-json\/wp\/v2\/posts\/170","targetHints":{"allow":["GET"]}}],"collection":[{"href":"https:\/\/site.marceloguerra.com.br\/index.php\/wp-json\/wp\/v2\/posts"}],"about":[{"href":"https:\/\/site.marceloguerra.com.br\/index.php\/wp-json\/wp\/v2\/types\/post"}],"author":[{"embeddable":true,"href":"https:\/\/site.marceloguerra.com.br\/index.php\/wp-json\/wp\/v2\/users\/1"}],"replies":[{"embeddable":true,"href":"https:\/\/site.marceloguerra.com.br\/index.php\/wp-json\/wp\/v2\/comments?post=170"}],"version-history":[{"count":0,"href":"https:\/\/site.marceloguerra.com.br\/index.php\/wp-json\/wp\/v2\/posts\/170\/revisions"}],"wp:attachment":[{"href":"https:\/\/site.marceloguerra.com.br\/index.php\/wp-json\/wp\/v2\/media?parent=170"}],"wp:term":[{"taxonomy":"category","embeddable":true,"href":"https:\/\/site.marceloguerra.com.br\/index.php\/wp-json\/wp\/v2\/categories?post=170"},{"taxonomy":"post_tag","embeddable":true,"href":"https:\/\/site.marceloguerra.com.br\/index.php\/wp-json\/wp\/v2\/tags?post=170"}],"curies":[{"name":"wp","href":"https:\/\/api.w.org\/{rel}","templated":true}]}}