{"id":18,"date":"2008-06-25T12:03:58","date_gmt":"2008-06-25T15:03:58","guid":{"rendered":"http:\/\/marceloguerra.com.br\/?p=18"},"modified":"2008-06-25T12:03:58","modified_gmt":"2008-06-25T15:03:58","slug":"a-vida-de-hahnemann-juventude","status":"publish","type":"post","link":"https:\/\/site.marceloguerra.com.br\/index.php\/2008\/06\/25\/a-vida-de-hahnemann-juventude\/","title":{"rendered":"A vida de Hahnemann &#8211; Juventude"},"content":{"rendered":"<p><span style=\"font-family: Arial,sans-serif;\"><span style=\"font-size: small;\">Aos 16 anos, passou a estudar na Escola do Pr\u00edncipe, ao mesmo tempo em que o Reitor M\u00fcller transferiu-se para l\u00e1, e seus professores reconheciam seu talento e dedica\u00e7\u00e3o, n\u00e3o lhe cobrando tarefas escritas ou c\u00f3pias, e deixando que ele s\u00f3 assistisse \u00e0s aulas que considerava importantes para sua forma\u00e7\u00e3o. Ele n\u00e3o era interno na escola, e dormia na casa do reitor, a quem ajudava nas corre\u00e7\u00f5es de li\u00e7\u00f5es. <\/span><\/span><\/p>\n<p id=\"s20-203\" style=\"margin-bottom: 0.2in;\" align=\"justify\"><a id=\"s20-204\" name=\"hi86101\"><\/a><a id=\"s20-205\" name=\"hi86100\"><\/a><a id=\"s20-206\" name=\"hi8699\"><\/a> <span style=\"font-family: Arial,sans-serif;\"><span style=\"font-size: small;\">Formou-se na Escola do Pr\u00edncipe aos 20 anos, tendo apresentado uma disserta\u00e7\u00e3o em latim, como era costume na \u00e9poca, intitulada \u201cA Maravilhosa Constru\u00e7\u00e3o da M\u00e3o Humana\u201d. Ainda aos 20 anos ingressou na Universidade de Leipzig, e da\u00ed em diante afastou-se completamente de sua casa paterna, n\u00e3o tendo tido oportunidade de voltar nem para as festividades. Seus anos de estudo sempre foram marcados pela dedica\u00e7\u00e3o de muitas horas sobre os livros e pelo trabalho paralelo para custe\u00e1-los. <\/span><\/span><\/p>\n","protected":false},"excerpt":{"rendered":"<p>Aos 16 anos, passou a estudar na Escola do Pr\u00edncipe, ao mesmo tempo em que o Reitor M\u00fcller transferiu-se para l\u00e1, e seus professores reconheciam seu talento e dedica\u00e7\u00e3o, n\u00e3o lhe cobrando tarefas escritas ou c\u00f3pias, e deixando que ele s\u00f3 assistisse \u00e0s aulas que considerava importantes para sua forma\u00e7\u00e3o. Ele n\u00e3o era interno na &hellip; <\/p>\n<p class=\"link-more\"><a href=\"https:\/\/site.marceloguerra.com.br\/index.php\/2008\/06\/25\/a-vida-de-hahnemann-juventude\/\" class=\"more-link\">Continue reading<span class=\"screen-reader-text\"> &#8220;A vida de Hahnemann &#8211; Juventude&#8221;<\/span><\/a><\/p>\n","protected":false},"author":1,"featured_media":0,"comment_status":"closed","ping_status":"open","sticky":false,"template":"","format":"standard","meta":{"_jetpack_memberships_contains_paid_content":false,"footnotes":""},"categories":[6,9],"tags":[68,74,76],"class_list":["post-18","post","type-post","status-publish","format-standard","hentry","category-biografico","category-homeopatia","tag-biografia","tag-hahnemann","tag-homeopatia"],"jetpack_featured_media_url":"","jetpack-related-posts":[],"jetpack_sharing_enabled":true,"_links":{"self":[{"href":"https:\/\/site.marceloguerra.com.br\/index.php\/wp-json\/wp\/v2\/posts\/18","targetHints":{"allow":["GET"]}}],"collection":[{"href":"https:\/\/site.marceloguerra.com.br\/index.php\/wp-json\/wp\/v2\/posts"}],"about":[{"href":"https:\/\/site.marceloguerra.com.br\/index.php\/wp-json\/wp\/v2\/types\/post"}],"author":[{"embeddable":true,"href":"https:\/\/site.marceloguerra.com.br\/index.php\/wp-json\/wp\/v2\/users\/1"}],"replies":[{"embeddable":true,"href":"https:\/\/site.marceloguerra.com.br\/index.php\/wp-json\/wp\/v2\/comments?post=18"}],"version-history":[{"count":0,"href":"https:\/\/site.marceloguerra.com.br\/index.php\/wp-json\/wp\/v2\/posts\/18\/revisions"}],"wp:attachment":[{"href":"https:\/\/site.marceloguerra.com.br\/index.php\/wp-json\/wp\/v2\/media?parent=18"}],"wp:term":[{"taxonomy":"category","embeddable":true,"href":"https:\/\/site.marceloguerra.com.br\/index.php\/wp-json\/wp\/v2\/categories?post=18"},{"taxonomy":"post_tag","embeddable":true,"href":"https:\/\/site.marceloguerra.com.br\/index.php\/wp-json\/wp\/v2\/tags?post=18"}],"curies":[{"name":"wp","href":"https:\/\/api.w.org\/{rel}","templated":true}]}}