{"id":182,"date":"2009-10-03T20:27:59","date_gmt":"2009-10-03T23:27:59","guid":{"rendered":"http:\/\/marceloguerra.com.br\/?p=182"},"modified":"2009-10-03T20:27:59","modified_gmt":"2009-10-03T23:27:59","slug":"workshop-biografico-de-natal","status":"publish","type":"post","link":"https:\/\/site.marceloguerra.com.br\/index.php\/2009\/10\/03\/workshop-biografico-de-natal\/","title":{"rendered":"Workshop Biogr\u00e1fico de Natal"},"content":{"rendered":"<p style=\"text-align: left;\"><a rel=\"attachment wp-att-464\" href=\"http:\/\/marceloguerra.com.br\/?attachment_id=464\"><img data-recalc-dims=\"1\" loading=\"lazy\" decoding=\"async\" class=\"aligncenter size-full wp-image-464\" title=\"bionatal\" src=\"https:\/\/i0.wp.com\/daoterapias.com.br\/wp-content\/uploads\/2009\/09\/bionatal.jpeg?resize=400%2C354\" alt=\"bionatal\" width=\"400\" height=\"354\" \/><\/a><\/p>\n<p style=\"text-align: left;\"><span style=\"color: #ff0000;\">A festa de Natal \u00e9 universal, calorosa, envolvente e carregada de magia. \u00c9 uma \u00e9poca em que somos envolvidos em luz e no desejo de encontrar pessoas queridas esquecidas no corre-corre da vida. Mesmo aqueles que contestam o simbolismo importado: neve, tren\u00f3s, Papai Noel pronto para enfrentar um rigoroso inverno al\u00e9m do consumismo t\u00e3o marcante, muitas vezes acabam sendo envolvidos pela simbologia sagrada, pelos sentimentos de renova\u00e7\u00e3o e pela celebra\u00e7\u00e3o da vida.<br \/>\nO Biogr\u00e1fico de Natal tem por objetivo, resgatar os valores essenciais deste momento que acontece h\u00e1 mais de 2000 anos e proporcionar aos participantes a oportunidade de investigar os valores, as mem\u00f3rias biogr\u00e1ficas, o nascimento, a luz que guia, e que pode ser renovada em nosso esp\u00edrito.<\/span><br \/>\n<span style=\"color: #008000;\">Ser\u00e1 no per\u00edodo de 3 a 6 de dezembro de 2009 no Retiro das Rosas, em Ouro Preto\/MG.<br \/>\nCoordena\u00e7\u00e3o:<br \/>\n\u2022 Ana Maria Lucchesi, psic\u00f3loga e terapeuta biogr\u00e1fica<br \/>\n\u2022 Marli Ribeiro, pedagoga e terapeuta biogr\u00e1fica<br \/>\n\u2022 Ros\u00e2ngela Cunha, psic\u00f3loga e terapeuta biogr\u00e1fica<br \/>\n\u2022 Marcelo Guerra, m\u00e9dico e terapeuta biogr\u00e1fico<\/span>\n<\/p>\n<p style=\"MARGIN-BOTTOM: 0cm; FONT-WEIGHT: normal\" align=\"left\"><span style=\"FONT-FAMILY: Gill Sans MT, sans-serif\"><span style=\"FONT-SIZE: medium\"><span style=\"color: #008000;\">(<\/span><a href=\"http:\/\/www.formacaobiograficamg.com\/\" target=\"_blank\" rel=\"noopener\"><span style=\"color: #008000;\">Forma\u00e7\u00e3o Biogr\u00e1fica \u2013 Minas Gerais \u2013 Escola Livre de Forma\u00e7\u00e3o Biogr\u00e1fica<\/span><\/a><\/span><\/span><\/p>\n<p><span style=\"color: #008000;\">Membro do International Trainers Forum em conex\u00e3o com a General Anthroposophical Section of the School of Spiritual Science do Goetheanum \u2013 Dornach\/Sui\u00e7a.)<\/span><\/p>\n<div><span style=\"color: #008000;\"><\/span><\/div>\n<p><span style=\"color: #008000;\"><\/p>\n<p style=\"text-align: left;\">Pre\u00e7o: R$960,00 ou 4X R$240,00 (a inscri\u00e7\u00e3o \u00e9 efetivada com o dep\u00f3sito da 1a parcela)<\/p>\n<p style=\"text-align: left;\">Escreva para <a href=\"mailto:santana@terapiabiografica.com.br\">santana@terapiabiografica.com.b<\/a>r ou <a href=\"mailto:marceloguerra@terapiabiografica.com.br\">marceloguerra@terapiabiografica.com.br<\/a> para mais informa\u00e7\u00f5es. Ou ligue para falar com um de n\u00f3s:<br \/>\n(21)7697-8982, (11)6463-6880 ou (22)9254-4866, Marcelo<br \/>\n(32)8887-8660 ou (31)8532-2217, Ros\u00e2ngela<\/p>\n<p><\/span><\/p>\n<p style=\"text-align: left;\">\n<p style=\"text-align: center;\"><strong><span style=\"color: #ffcc00;\">VAGAS LIMITADAS<\/span><\/strong><\/p>\n","protected":false},"excerpt":{"rendered":"<p>A festa de Natal \u00e9 universal, calorosa, envolvente e carregada de magia. \u00c9 uma \u00e9poca em que somos envolvidos em luz e no desejo de encontrar pessoas queridas esquecidas no corre-corre da vida. Mesmo aqueles que contestam o simbolismo importado: neve, tren\u00f3s, Papai Noel pronto para enfrentar um rigoroso inverno al\u00e9m do consumismo t\u00e3o marcante, &hellip; <\/p>\n<p class=\"link-more\"><a href=\"https:\/\/site.marceloguerra.com.br\/index.php\/2009\/10\/03\/workshop-biografico-de-natal\/\" class=\"more-link\">Continue reading<span class=\"screen-reader-text\"> &#8220;Workshop Biogr\u00e1fico de Natal&#8221;<\/span><\/a><\/p>\n","protected":false},"author":1,"featured_media":0,"comment_status":"closed","ping_status":"open","sticky":false,"template":"","format":"standard","meta":{"_jetpack_memberships_contains_paid_content":false,"footnotes":""},"categories":[21],"tags":[],"class_list":["post-182","post","type-post","status-publish","format-standard","hentry","category-uncategorized"],"jetpack_featured_media_url":"","jetpack-related-posts":[],"jetpack_sharing_enabled":true,"_links":{"self":[{"href":"https:\/\/site.marceloguerra.com.br\/index.php\/wp-json\/wp\/v2\/posts\/182","targetHints":{"allow":["GET"]}}],"collection":[{"href":"https:\/\/site.marceloguerra.com.br\/index.php\/wp-json\/wp\/v2\/posts"}],"about":[{"href":"https:\/\/site.marceloguerra.com.br\/index.php\/wp-json\/wp\/v2\/types\/post"}],"author":[{"embeddable":true,"href":"https:\/\/site.marceloguerra.com.br\/index.php\/wp-json\/wp\/v2\/users\/1"}],"replies":[{"embeddable":true,"href":"https:\/\/site.marceloguerra.com.br\/index.php\/wp-json\/wp\/v2\/comments?post=182"}],"version-history":[{"count":0,"href":"https:\/\/site.marceloguerra.com.br\/index.php\/wp-json\/wp\/v2\/posts\/182\/revisions"}],"wp:attachment":[{"href":"https:\/\/site.marceloguerra.com.br\/index.php\/wp-json\/wp\/v2\/media?parent=182"}],"wp:term":[{"taxonomy":"category","embeddable":true,"href":"https:\/\/site.marceloguerra.com.br\/index.php\/wp-json\/wp\/v2\/categories?post=182"},{"taxonomy":"post_tag","embeddable":true,"href":"https:\/\/site.marceloguerra.com.br\/index.php\/wp-json\/wp\/v2\/tags?post=182"}],"curies":[{"name":"wp","href":"https:\/\/api.w.org\/{rel}","templated":true}]}}