{"id":19,"date":"2008-08-22T10:50:32","date_gmt":"2008-08-22T13:50:32","guid":{"rendered":"http:\/\/marceloguerra.com.br\/?p=19"},"modified":"2008-08-22T10:50:32","modified_gmt":"2008-08-22T13:50:32","slug":"convite-para-um-trabalho-biografico","status":"publish","type":"post","link":"https:\/\/site.marceloguerra.com.br\/index.php\/2008\/08\/22\/convite-para-um-trabalho-biografico\/","title":{"rendered":"Convite para um Trabalho Biogr\u00e1fico"},"content":{"rendered":"<p class=\"western\" style=\"margin-bottom: 0cm;\"><a href=\"https:\/\/i0.wp.com\/labirinto.terapiabiografica.com.br\/wp-content\/uploads\/2008\/07\/movlabychartres.gif\"><img data-recalc-dims=\"1\" loading=\"lazy\" decoding=\"async\" class=\"aligncenter size-medium wp-image-3\" title=\"Labirinto\" src=\"https:\/\/i0.wp.com\/labirinto.terapiabiografica.com.br\/wp-content\/uploads\/2008\/07\/movlabychartres.gif?resize=184%2C193\" alt=\"labirinto de Chartres\" width=\"184\" height=\"193\" \/><\/a><\/p>\n<h1 class=\"title\">sofia<\/h1>\n<div class=\"descriptionwrapper\">\n<p class=\"description\"><span> <\/span><\/p>\n<\/div>\n<div id=\"main-wrapper\">\n<div id=\"main\" class=\"main section\">\n<div id=\"Blog1\" class=\"widget Blog\">\n<div class=\"blog-posts hfeed\"><!-- google_ad_section_start --><\/p>\n<h2 class=\"date-header\">20 Agosto 2008<\/h2>\n<div class=\"post hentry\"><a name=\"8491712638033179692\"><\/a><\/p>\n<h3 class=\"post-title entry-title\"><a href=\"http:\/\/labirinto.terapiabiografica.com.br\/\">Trabalho Biogr\u00e1fico em Minas Gerais<\/a><\/h3>\n<div class=\"post-body entry-content\"><a href=\"https:\/\/i0.wp.com\/labirinto.terapiabiografica.com.br\/wp-content\/uploads\/2008\/07\/movlabychartres.gif\" onblur=\"try {parent.deselectBloggerImageGracefully();} catch(e) {}\"><img data-recalc-dims=\"1\" decoding=\"async\" style=\"margin: 0px auto 10px; display: block; text-align: center; cursor: pointer; width: 320px;\" src=\"https:\/\/i0.wp.com\/labirinto.terapiabiografica.com.br\/wp-content\/uploads\/2008\/07\/movlabychartres.gif?w=525\" border=\"0\" alt=\"\" \/><\/a><br \/>\nO Labirinto \u00e9 um antigo s\u00edmbolo de unicidade, que combina a imagem do c\u00edrculo e da espiral com um caminho que tem um objetivo. Ele representa uma jornada ao nosso centro e de volta ao nosso mundo externo. A forma do labirinto nos faz lembrar que h\u00e1 um sentido na exist\u00eancia, e nos remete ao sentido de nossas pr\u00f3prias vidas.<\/p>\n<p>O Grupo de Terapia Biogr\u00e1fica Labirinto \u00e9 formado por tr\u00eas profissionais que buscam resgatar o sentido latente em cada exist\u00eancia.<\/p>\n<p>* Ana Maria Lucchesi, psic\u00f3loga, psicoterapeuta e bi\u00f3grafa<br \/>\n* Marcelo Guerra, m\u00e9dico homeopata e bi\u00f3grafo<\/p>\n<p>Os trabalhos s\u00e3o realizados em regime de imers\u00e3o, em locais reservados, onde os participantes podem dedicar-se a trabalhar o seu interior, para retornarem ao seu mundo renovados e modificados.<\/p>\n<p>O pr\u00f3ximo Encontro Biogr\u00e1fico ocorrer\u00e1 perto de Belo Horizonte, no <a href=\"http:\/\/www.portaldehospedagem.com.br\/seusite.asp?id=7892\">Retiro das Rosas<\/a>, na estrada de Ouro Preto, de 25 a 28 de setembro. Escreva para labirinto@terapiabiografica.com.br para mais informa\u00e7\u00f5es.<\/p>\n<p>O objetivo do Trabalho Biogr\u00e1fico \u00e9 conhecer a sua vida e percorrer os caminhos da sua pr\u00f3pria hist\u00f3ria reconhecendo os fios que te conduziram at\u00e9 o momento. Atrav\u00e9s do levantamento dos fatos da sua pr\u00f3pria vida e da leitura consciente desses fatos, voc\u00ea trabalhar\u00e1 o panorama familiar e individual desde o seu nascimento at\u00e9 o dia de hoje, podendo ent\u00e3o reescrever a sua hist\u00f3ria com linhas e fios mais claros, passando pelo centro do seu pr\u00f3prio destino.<\/p>\n<p>De dentro de sua hist\u00f3ria, e s\u00f3 assim, \u00e9 poss\u00edvel voc\u00ea reconhecer sua miss\u00e3o humana e transform\u00e1-la em a\u00e7\u00e3o consciente no mundo.<\/p>\n<p>Este trabalho ser\u00e1 em regime de imers\u00e3o, de quinta-feira \u00e0 tardinha a domingo ap\u00f3s o almo\u00e7o, em lugar selecionado para instrospec\u00e7\u00e3o e cura.<\/p>\n<p>Ministrado por:<\/p>\n<p>Berenice von R\u00fcckert \u2013 Bi\u00f3grafa e Soci\u00f3loga, Pedagoga Social<br \/>\nAna Maria Lucchesi \u2013 Psic\u00f3loga, Psicoterapeuta e Bi\u00f3grafa<br \/>\nMarcelo Guerra \u2013 M\u00e9dico Homeopata, Acupunturista e Bi\u00f3grafo<\/p>\n<p>Valor do Trabalho: R$ 1.035,00<br \/>\nForma do Acerto: para reservar sua vaga, deve ser pago adiantado o valor de R$ 345,00. O restante poder\u00e1 ser pago em mais duas parcelas.<\/p>\n<p>Local: <a href=\"http:\/\/www.portaldehospedagem.com.br\/seusite.asp?id=7892\">Retiro das Rosas<\/a><\/div>\n<\/div>\n<\/div>\n<\/div>\n<\/div>\n<\/div>\n","protected":false},"excerpt":{"rendered":"<p>sofia 20 Agosto 2008 Trabalho Biogr\u00e1fico em Minas Gerais O Labirinto \u00e9 um antigo s\u00edmbolo de unicidade, que combina a imagem do c\u00edrculo e da espiral com um caminho que tem um objetivo. Ele representa uma jornada ao nosso centro e de volta ao nosso mundo externo. A forma do labirinto nos faz lembrar que &hellip; <\/p>\n<p class=\"link-more\"><a href=\"https:\/\/site.marceloguerra.com.br\/index.php\/2008\/08\/22\/convite-para-um-trabalho-biografico\/\" class=\"more-link\">Continue reading<span class=\"screen-reader-text\"> &#8220;Convite para um Trabalho Biogr\u00e1fico&#8221;<\/span><\/a><\/p>\n","protected":false},"author":1,"featured_media":0,"comment_status":"closed","ping_status":"open","sticky":false,"template":"","format":"standard","meta":{"_jetpack_memberships_contains_paid_content":false,"footnotes":""},"categories":[6,15,18],"tags":[62,93,99,100],"class_list":["post-19","post","type-post","status-publish","format-standard","hentry","category-biografico","category-psicoterapia","category-terapia-biografica","tag-antroposofia","tag-psicoterapia","tag-terapia","tag-terapia-biografica"],"jetpack_featured_media_url":"","jetpack-related-posts":[],"jetpack_sharing_enabled":true,"_links":{"self":[{"href":"https:\/\/site.marceloguerra.com.br\/index.php\/wp-json\/wp\/v2\/posts\/19","targetHints":{"allow":["GET"]}}],"collection":[{"href":"https:\/\/site.marceloguerra.com.br\/index.php\/wp-json\/wp\/v2\/posts"}],"about":[{"href":"https:\/\/site.marceloguerra.com.br\/index.php\/wp-json\/wp\/v2\/types\/post"}],"author":[{"embeddable":true,"href":"https:\/\/site.marceloguerra.com.br\/index.php\/wp-json\/wp\/v2\/users\/1"}],"replies":[{"embeddable":true,"href":"https:\/\/site.marceloguerra.com.br\/index.php\/wp-json\/wp\/v2\/comments?post=19"}],"version-history":[{"count":0,"href":"https:\/\/site.marceloguerra.com.br\/index.php\/wp-json\/wp\/v2\/posts\/19\/revisions"}],"wp:attachment":[{"href":"https:\/\/site.marceloguerra.com.br\/index.php\/wp-json\/wp\/v2\/media?parent=19"}],"wp:term":[{"taxonomy":"category","embeddable":true,"href":"https:\/\/site.marceloguerra.com.br\/index.php\/wp-json\/wp\/v2\/categories?post=19"},{"taxonomy":"post_tag","embeddable":true,"href":"https:\/\/site.marceloguerra.com.br\/index.php\/wp-json\/wp\/v2\/tags?post=19"}],"curies":[{"name":"wp","href":"https:\/\/api.w.org\/{rel}","templated":true}]}}