{"id":191,"date":"2009-10-14T09:15:34","date_gmt":"2009-10-14T12:15:34","guid":{"rendered":"http:\/\/marceloguerra.com.br\/?p=191"},"modified":"2009-10-14T09:15:34","modified_gmt":"2009-10-14T12:15:34","slug":"retratos-da-vida-terapia-biografica","status":"publish","type":"post","link":"https:\/\/site.marceloguerra.com.br\/index.php\/2009\/10\/14\/retratos-da-vida-terapia-biografica\/","title":{"rendered":"Retratos da Vida &#8211; Terapia Biogr\u00e1fica"},"content":{"rendered":"<p><a rel=\"attachment wp-att-452\" href=\"http:\/\/marceloguerra.com.br\/?attachment_id=452\"><img data-recalc-dims=\"1\" loading=\"lazy\" decoding=\"async\" title=\"caminho8\" src=\"https:\/\/i0.wp.com\/daoterapias.com.br\/wp-content\/uploads\/2009\/08\/caminho8.jpg?resize=362%2C271\" alt=\"caminho8\" width=\"362\" height=\"271\" \/><\/a><\/p>\n<p>O trabalho biogr\u00e1fico de base antropos\u00f3fica busca clarear o sentido da vida, a miss\u00e3o de vida, atrav\u00e9s do resgate de fatos da vida. Entender a pr\u00f3pria hist\u00f3ria permite transformar o presente, e viver em plenitude dentro da miss\u00e3o de vida que escolhemos para n\u00f3s mesmos.<\/p>\n<p>A s\u00edntese da programa\u00e7\u00e3o \u00e9 a seguinte:<\/p>\n<ul>\n<li> informa\u00e7\u00e3o sobre as fases da vida, as leis biogr\u00e1ficas;<\/li>\n<li>contato com o pr\u00f3prio corpo: dan\u00e7as circulares;<\/li>\n<li> contato com o inconsciente: atividades art\u00edsticas (aquarela e colagem, a princ\u00edpio), conto de fadas;<\/li>\n<li> reflex\u00e3o individual: a escrita da vida;<\/li>\n<li> reflex\u00e3o em grupo: contando a pr\u00f3pria hist\u00f3ria;<\/li>\n<li> eu hoje: identificando a minha pergunta;<\/li>\n<li> pensando o amanh\u00e3: projetando metas para a minha vida.<\/li>\n<\/ul>\n<p>Coordena\u00e7\u00e3o:<\/p>\n<ul>\n<li> Ros\u00e2ngela Cunha<\/li>\n<\/ul>\n<p>Psic\u00f3loga, Gestalt-terapeuta e Terapeuta Biogr\u00e1fica<\/p>\n<ul>\n<li> Marcelo Guerra<\/li>\n<\/ul>\n<p>M\u00e9dico Homeopata e Terapeuta Biogr\u00e1fico<\/p>\n<p>(<a href=\"http:\/\/www.formacaobiograficamg.com\" target=\"_blank\" rel=\"noopener\">Forma\u00e7\u00e3o Biogr\u00e1fica \u2013 Minas Gerais \u2013 Escola Livre de Forma\u00e7\u00e3o Biogr\u00e1fica<\/a><br \/>\nMembro do International Trainers Forum em conex\u00e3o com a General Anthroposophical Section of the School of Spiritual Science do Goetheanum \u2013 Dornach\/Sui\u00e7a.)<\/p>\n<h4><span style=\"color: #ff00ff;\">Onde e quando?<\/span><\/h4>\n<p><span style=\"color: #ff00ff;\"><span style=\"color: #000000;\">Em Nova Friburgo, no <a href=\"http:\/\/www.morgenlicht.com.br\" target=\"_blank\" rel=\"noopener\">Morgenlicht<\/a>, de <\/span><span style=\"color: #000000;\"> 26 a 29 de novembro de 2009. <\/span><\/span><\/p>\n<p><span style=\"color: #ff00ff;\"><span style=\"color: #000000;\">Em S\u00e3o Paulo, no <a href=\"http:\/\/www.centropaulus.com.br\/\" target=\"_blank\" rel=\"noopener\">Centro Paulus<\/a>, de 14 a 17 de janeiro de 2010. <\/span><\/span><\/p>\n<p style=\"margin-bottom: 0cm;\">Escreva para <a href=\"mailto:santana@terapiabiografica.com.br\">santana@terapiabiografica.com.br<\/a> ou <a href=\"mailto:marceloguerra@terapiabiografica.com.br\">marceloguerra@terapiabiografica.com.br<\/a> para mais informa\u00e7\u00f5es. Ou ligue para falar com um de n\u00f3s:<\/p>\n<p style=\"margin-bottom: 0cm;\">(21)7697<span dir=\"ltr\">-8982<\/span>, (11)6463-6880 ou (22)9254-4866, Marcelo<\/p>\n<p style=\"margin-bottom: 0cm;\">(32)8887-8660 ou (31)8532-2217, Ros\u00e2ngela<\/p>\n<p style=\"text-align: center;\"><span style=\"color: #ff00ff;\"><span style=\"color: #000000;\">VAGAS LIMITADAS A 8 PARTICIPANTES  POR WORKSHOP <\/span><\/span><\/p>\n","protected":false},"excerpt":{"rendered":"<p>O trabalho biogr\u00e1fico de base antropos\u00f3fica busca clarear o sentido da vida, a miss\u00e3o de vida, atrav\u00e9s do resgate de fatos da vida. Entender a pr\u00f3pria hist\u00f3ria permite transformar o presente, e viver em plenitude dentro da miss\u00e3o de vida que escolhemos para n\u00f3s mesmos. A s\u00edntese da programa\u00e7\u00e3o \u00e9 a seguinte: informa\u00e7\u00e3o sobre as &hellip; <\/p>\n<p class=\"link-more\"><a href=\"https:\/\/site.marceloguerra.com.br\/index.php\/2009\/10\/14\/retratos-da-vida-terapia-biografica\/\" class=\"more-link\">Continue reading<span class=\"screen-reader-text\"> &#8220;Retratos da Vida &#8211; Terapia Biogr\u00e1fica&#8221;<\/span><\/a><\/p>\n","protected":false},"author":1,"featured_media":0,"comment_status":"closed","ping_status":"open","sticky":false,"template":"","format":"standard","meta":{"_jetpack_memberships_contains_paid_content":false,"footnotes":""},"categories":[21],"tags":[],"class_list":["post-191","post","type-post","status-publish","format-standard","hentry","category-uncategorized"],"jetpack_featured_media_url":"","jetpack-related-posts":[],"jetpack_sharing_enabled":true,"_links":{"self":[{"href":"https:\/\/site.marceloguerra.com.br\/index.php\/wp-json\/wp\/v2\/posts\/191","targetHints":{"allow":["GET"]}}],"collection":[{"href":"https:\/\/site.marceloguerra.com.br\/index.php\/wp-json\/wp\/v2\/posts"}],"about":[{"href":"https:\/\/site.marceloguerra.com.br\/index.php\/wp-json\/wp\/v2\/types\/post"}],"author":[{"embeddable":true,"href":"https:\/\/site.marceloguerra.com.br\/index.php\/wp-json\/wp\/v2\/users\/1"}],"replies":[{"embeddable":true,"href":"https:\/\/site.marceloguerra.com.br\/index.php\/wp-json\/wp\/v2\/comments?post=191"}],"version-history":[{"count":0,"href":"https:\/\/site.marceloguerra.com.br\/index.php\/wp-json\/wp\/v2\/posts\/191\/revisions"}],"wp:attachment":[{"href":"https:\/\/site.marceloguerra.com.br\/index.php\/wp-json\/wp\/v2\/media?parent=191"}],"wp:term":[{"taxonomy":"category","embeddable":true,"href":"https:\/\/site.marceloguerra.com.br\/index.php\/wp-json\/wp\/v2\/categories?post=191"},{"taxonomy":"post_tag","embeddable":true,"href":"https:\/\/site.marceloguerra.com.br\/index.php\/wp-json\/wp\/v2\/tags?post=191"}],"curies":[{"name":"wp","href":"https:\/\/api.w.org\/{rel}","templated":true}]}}