{"id":194,"date":"2009-10-25T11:15:45","date_gmt":"2009-10-25T14:15:45","guid":{"rendered":"http:\/\/marceloguerra.com.br\/?p=194"},"modified":"2009-10-25T11:15:45","modified_gmt":"2009-10-25T14:15:45","slug":"encontro-com-voce-vivencia-no-morgenlicht","status":"publish","type":"post","link":"https:\/\/site.marceloguerra.com.br\/index.php\/2009\/10\/25\/encontro-com-voce-vivencia-no-morgenlicht\/","title":{"rendered":"Encontro com Voc\u00ea &#8211; Viv\u00eancia no Morgenlicht"},"content":{"rendered":"<p><img data-recalc-dims=\"1\" loading=\"lazy\" decoding=\"async\" class=\"aligncenter size-full wp-image-639\" title=\"ff5_02\" src=\"https:\/\/i0.wp.com\/saudealternativa.org\/wp-content\/uploads\/2009\/10\/ff5_02.jpg?resize=414%2C444\" alt=\"ff5_02\" width=\"414\" height=\"444\" \/><\/p>\n<p>Dedique um final de semana a encontrar voc\u00ea mesma.<\/p>\n<p>Atrav\u00e9s de atividades f\u00edsicas, palestras e viv\u00eancias vamos buscar resgatar o prazer e a alegria de viver!<\/p>\n<p>De 20 a 22 de novembro (Feriado da Consci\u00eancia Negra) faremos uma imers\u00e3o no Morgenlicht, em Barra Alegre, sob a supervis\u00e3o da Dra. Maria Luiza Moraes de Azevedo e do Dr. Marcelo Guerra, m\u00e9dicos Homeopatas.<\/p>\n<ul>\n<li>Atividades F\u00edsicas<\/li>\n<li>Palestras<\/li>\n<li>Oficinas de auto-conhecimento<\/li>\n<li>Dan\u00e7as Circulares<\/li>\n<li>Lazer orientado<\/li>\n<\/ul>\n<p>As inscri\u00e7\u00f5es e informa\u00e7\u00f5es podem ser feitas na Academia Curves de Nova Friburgo.<\/p>\n<p>Telefones: (22)2523-0861 ou (22)2522-8324<\/p>\n<p>Ou e-mail: <a href=\"mailto:clubedalufriburgo@gmail.com\">clubedalufriburgo@gmail.com<\/a><\/p>\n<p style=\"text-align: center;\">VAGAS LIMITADAS<\/p>\n","protected":false},"excerpt":{"rendered":"<p>Dedique um final de semana a encontrar voc\u00ea mesma. Atrav\u00e9s de atividades f\u00edsicas, palestras e viv\u00eancias vamos buscar resgatar o prazer e a alegria de viver! De 20 a 22 de novembro (Feriado da Consci\u00eancia Negra) faremos uma imers\u00e3o no Morgenlicht, em Barra Alegre, sob a supervis\u00e3o da Dra. Maria Luiza Moraes de Azevedo e &hellip; <\/p>\n<p class=\"link-more\"><a href=\"https:\/\/site.marceloguerra.com.br\/index.php\/2009\/10\/25\/encontro-com-voce-vivencia-no-morgenlicht\/\" class=\"more-link\">Continue reading<span class=\"screen-reader-text\"> &#8220;Encontro com Voc\u00ea &#8211; Viv\u00eancia no Morgenlicht&#8221;<\/span><\/a><\/p>\n","protected":false},"author":1,"featured_media":0,"comment_status":"closed","ping_status":"open","sticky":false,"template":"","format":"standard","meta":{"_jetpack_memberships_contains_paid_content":false,"footnotes":""},"categories":[21],"tags":[],"class_list":["post-194","post","type-post","status-publish","format-standard","hentry","category-uncategorized"],"jetpack_featured_media_url":"","jetpack-related-posts":[],"jetpack_sharing_enabled":true,"_links":{"self":[{"href":"https:\/\/site.marceloguerra.com.br\/index.php\/wp-json\/wp\/v2\/posts\/194","targetHints":{"allow":["GET"]}}],"collection":[{"href":"https:\/\/site.marceloguerra.com.br\/index.php\/wp-json\/wp\/v2\/posts"}],"about":[{"href":"https:\/\/site.marceloguerra.com.br\/index.php\/wp-json\/wp\/v2\/types\/post"}],"author":[{"embeddable":true,"href":"https:\/\/site.marceloguerra.com.br\/index.php\/wp-json\/wp\/v2\/users\/1"}],"replies":[{"embeddable":true,"href":"https:\/\/site.marceloguerra.com.br\/index.php\/wp-json\/wp\/v2\/comments?post=194"}],"version-history":[{"count":0,"href":"https:\/\/site.marceloguerra.com.br\/index.php\/wp-json\/wp\/v2\/posts\/194\/revisions"}],"wp:attachment":[{"href":"https:\/\/site.marceloguerra.com.br\/index.php\/wp-json\/wp\/v2\/media?parent=194"}],"wp:term":[{"taxonomy":"category","embeddable":true,"href":"https:\/\/site.marceloguerra.com.br\/index.php\/wp-json\/wp\/v2\/categories?post=194"},{"taxonomy":"post_tag","embeddable":true,"href":"https:\/\/site.marceloguerra.com.br\/index.php\/wp-json\/wp\/v2\/tags?post=194"}],"curies":[{"name":"wp","href":"https:\/\/api.w.org\/{rel}","templated":true}]}}