{"id":212,"date":"2010-01-18T09:13:45","date_gmt":"2010-01-18T12:13:45","guid":{"rendered":"http:\/\/marceloguerra.com.br\/?p=212"},"modified":"2010-01-18T09:13:45","modified_gmt":"2010-01-18T12:13:45","slug":"curso-dao-observacao-e-sentido","status":"publish","type":"post","link":"https:\/\/site.marceloguerra.com.br\/index.php\/2010\/01\/18\/curso-dao-observacao-e-sentido\/","title":{"rendered":"Curso DAO: Observa\u00e7\u00e3o e Sentido"},"content":{"rendered":"<address><a href=\"https:\/\/i0.wp.com\/daoterapias.com.br\/wp-content\/uploads\/2010\/01\/lemniscata.jpg\"><img data-recalc-dims=\"1\" loading=\"lazy\" decoding=\"async\" class=\"aligncenter size-full wp-image-524\" title=\"lemniscata\" src=\"https:\/\/i0.wp.com\/daoterapias.com.br\/wp-content\/uploads\/2010\/01\/lemniscata.jpg?resize=500%2C375\" alt=\"\" width=\"500\" height=\"375\" \/><\/a><\/address>\n<h3 style=\"text-align: center;\"><em>Uma nova forma de interven\u00e7\u00e3o terap\u00eautica e pedag\u00f3gica.<\/em><\/h3>\n<p>No trabalho terap\u00eautico e na educa\u00e7\u00e3o a Observa\u00e7\u00e3o e o Sentido s\u00e3o os dois pilares. A Observa\u00e7\u00e3o busca no exterior o que o Sentido vai elaborar no interior. Neste curso te\u00f3rico-vivencial iremos abordar os conceitos que permitir\u00e3o que voc\u00ea desenvolva sua capacidade de observar de forma a obter sentido nas diferentes situa\u00e7\u00f5es encontradas em sua vida e em seu trabalho.<\/p>\n<h2>T\u00f3picos:<\/h2>\n<ul>\n<li>A Antroposofia e seus princ\u00edpios b\u00e1sicos;<\/li>\n<li>A Biografia Humana;<\/li>\n<li>Observa\u00e7\u00e3o Goethean\u00edstica;<\/li>\n<li>Potenciais an\u00edmicos: Pensar, Sentir, Agir;<\/li>\n<li>Voca\u00e7\u00e3o e Profiss\u00e3o.<\/li>\n<\/ul>\n<p>P\u00fablico Alvo: Profissionais e estudantes dos \u00faltimos per\u00edodos de Psicologia, Medicina, Enfermagem, Fisioterapia, Fonoaudiologia, Terapia Ocupacional, Servi\u00e7o Social, Pedagogia e todas as demais carreiras da Educa\u00e7\u00e3o.<\/p>\n<h3>Coordena\u00e7\u00e3o:<\/h3>\n<p><span style=\"color: #800080;\"><strong>Ros\u00e2ngela Cunha<br \/>\nPsic\u00f3loga, Gestalt-terapeuta e Terapeuta Biogr\u00e1fica<\/strong><\/span><\/p>\n<p><span style=\"color: #800080;\"><strong><br \/>\nMarcelo Guerra<br \/>\nM\u00e9dico Homeopata, Acupunturista e Terapeuta Biogr\u00e1fico<\/strong><\/span><\/p>\n<p><em><span style=\"color: #800080;\">F<\/span><\/em><em>orma\u00e7\u00e3o Biogr\u00e1fica \u2013 Minas Gerais \u2013 Escola Livre de Forma\u00e7\u00e3o Biogr\u00e1fica<br \/>\nMembro do International Trainers Forum em conex\u00e3o com a General Anthroposophical Section of the School of Spiritual Science do Goetheanum \u2013 Dornach\/Sui\u00e7a.)<\/em><\/p>\n<h4>Em Juiz de Fora:<\/h4>\n<p>Encontros quinzenais, \u00e0s quintas-feiras, de 18h \u00e0s 20h,<br \/>\nDatas: 11\/03, 25\/03, 8\/04, 22\/04, 06\/05, 27\/05, 17\/06 e 01\/07 de 2010, num total de 8 encontros.<\/p>\n<h4>Em Nova Friburgo:<\/h4>\n<p>Encontros quinzenais, \u00e0s quartas-feiras, de 18h \u00e0s 20h,<br \/>\nDatas: 17\/03, 31\/03, 14\/04, 28\/04, 12\/05, 26\/05, 09\/06, 23\/06 de 2010 , num total de 8 encontros.<\/p>\n<h4 style=\"text-align: center;\">Pre\u00e7o: R$800,00 divididos em 4 parcelas de R$200,00.<br \/>\n<em> Grupos pequenos.<\/em><\/h4>\n<p>Escreva para <a href=\"mailto:santana@terapiabiografica.com.br\">santana@terapiabiografica.com.br<\/a> ou <a href=\"mailto:marceloguerra@terapiabiografica.com.br\">marceloguerra@terapiabiografica.com.br<\/a> para mais informa\u00e7\u00f5es. Ou ligue para falar com um de n\u00f3s:<\/p>\n<p>(21)7697-8982 ou (22)9254-4866, Marcelo<\/p>\n<p>(32)8887-8660 ou (31)8532-2217, Ros\u00e2ngela<\/p>\n<p><em> <\/em><\/p>\n","protected":false},"excerpt":{"rendered":"<p>Uma nova forma de interven\u00e7\u00e3o terap\u00eautica e pedag\u00f3gica. No trabalho terap\u00eautico e na educa\u00e7\u00e3o a Observa\u00e7\u00e3o e o Sentido s\u00e3o os dois pilares. A Observa\u00e7\u00e3o busca no exterior o que o Sentido vai elaborar no interior. Neste curso te\u00f3rico-vivencial iremos abordar os conceitos que permitir\u00e3o que voc\u00ea desenvolva sua capacidade de observar de forma a &hellip; <\/p>\n<p class=\"link-more\"><a href=\"https:\/\/site.marceloguerra.com.br\/index.php\/2010\/01\/18\/curso-dao-observacao-e-sentido\/\" class=\"more-link\">Continue reading<span class=\"screen-reader-text\"> &#8220;Curso DAO: Observa\u00e7\u00e3o e Sentido&#8221;<\/span><\/a><\/p>\n","protected":false},"author":1,"featured_media":0,"comment_status":"closed","ping_status":"open","sticky":false,"template":"","format":"standard","meta":{"_jetpack_memberships_contains_paid_content":false,"footnotes":""},"categories":[6,10,13,15,18],"tags":[],"class_list":["post-212","post","type-post","status-publish","format-standard","hentry","category-biografico","category-juiz-de-fora","category-nova-friburgo","category-psicoterapia","category-terapia-biografica"],"jetpack_featured_media_url":"","jetpack-related-posts":[],"jetpack_sharing_enabled":true,"_links":{"self":[{"href":"https:\/\/site.marceloguerra.com.br\/index.php\/wp-json\/wp\/v2\/posts\/212","targetHints":{"allow":["GET"]}}],"collection":[{"href":"https:\/\/site.marceloguerra.com.br\/index.php\/wp-json\/wp\/v2\/posts"}],"about":[{"href":"https:\/\/site.marceloguerra.com.br\/index.php\/wp-json\/wp\/v2\/types\/post"}],"author":[{"embeddable":true,"href":"https:\/\/site.marceloguerra.com.br\/index.php\/wp-json\/wp\/v2\/users\/1"}],"replies":[{"embeddable":true,"href":"https:\/\/site.marceloguerra.com.br\/index.php\/wp-json\/wp\/v2\/comments?post=212"}],"version-history":[{"count":0,"href":"https:\/\/site.marceloguerra.com.br\/index.php\/wp-json\/wp\/v2\/posts\/212\/revisions"}],"wp:attachment":[{"href":"https:\/\/site.marceloguerra.com.br\/index.php\/wp-json\/wp\/v2\/media?parent=212"}],"wp:term":[{"taxonomy":"category","embeddable":true,"href":"https:\/\/site.marceloguerra.com.br\/index.php\/wp-json\/wp\/v2\/categories?post=212"},{"taxonomy":"post_tag","embeddable":true,"href":"https:\/\/site.marceloguerra.com.br\/index.php\/wp-json\/wp\/v2\/tags?post=212"}],"curies":[{"name":"wp","href":"https:\/\/api.w.org\/{rel}","templated":true}]}}