{"id":255,"date":"2010-08-12T08:47:44","date_gmt":"2010-08-12T11:47:44","guid":{"rendered":"http:\/\/marceloguerra.com.br\/?p=255"},"modified":"2010-08-12T08:47:44","modified_gmt":"2010-08-12T11:47:44","slug":"tecendo-o-fio-do-destino-em-nova-friburgo","status":"publish","type":"post","link":"https:\/\/site.marceloguerra.com.br\/index.php\/2010\/08\/12\/tecendo-o-fio-do-destino-em-nova-friburgo\/","title":{"rendered":"Tecendo o Fio do Destino, em Nova Friburgo"},"content":{"rendered":"<h1 style=\"text-align: left;\"><\/h1>\n<h1 style=\"text-align: center;\"><span style=\"font-family: Verdana; font-size: x-small;\"><strong>Tecendo a Manh\u00e3<\/strong><\/span><\/h1>\n<p style=\"text-align: center;\"><span style=\"font-family: Verdana; font-size: x-small;\">Um galo sozinho n\u00e3o tece uma manh\u00e3:<br \/>\nele precisar\u00e1 sempre de outros galos.<br \/>\nDe um que apanhe esse grito que ele<br \/>\ne o lance a outro; de um outro galo<br \/>\nque apanhe o grito de um galo antes<br \/>\ne o lance a outro; e de outros galos<br \/>\nque com muitos outros galos se cruzem<br \/>\nos fios de sol de seus gritos de galo,<br \/>\npara que a manh\u00e3, desde uma teia t\u00eanue,<br \/>\nse v\u00e1 tecendo, entre todos os galos.<\/span><\/p>\n<p style=\"text-align: center;\"><span style=\"font-family: Verdana; font-size: x-small;\"><br \/>\nE se encorpando em tela, entre todos,<br \/>\nse erguendo tenda, onde entrem todos,<br \/>\nse entretendendo para todos, no toldo<br \/>\n(a manh\u00e3) que plana livre de arma\u00e7\u00e3o.<br \/>\nA manh\u00e3, toldo de um tecido t\u00e3o a\u00e9reo<br \/>\nque, tecido, se eleva por si: luz bal\u00e3o.<\/span><em> <\/em><\/p>\n<p style=\"text-align: center;\">Jo\u00e3o Cabral de Melo Neto<\/p>\n<p style=\"text-align: left;\">Cada um de n\u00f3s nasce com um destino, n\u00e3o como um livro previamente escrito em que cada ato nosso est\u00e1 previsto, mas como uma miss\u00e3o a n\u00f3s confiada. Isto faz com que a vida tenha um sentido e, muitas vezes, sofremos com ang\u00fastia ou depress\u00e3o por n\u00e3o perceb\u00ea-lo claramente. Os fatos de nossas vidas est\u00e3o a\u00ed para que encontremos o Fio do Destino que, junto com o nosso livre arb\u00edtrio, tece os acontecimentos tanto no nosso mundo interior quanto na nossa vida nas comunidades em que vivemos.<\/p>\n<p>Este curso tem o objetivo de buscar o fio do destino de cada um, desembara\u00e7\u00e1-lo, tec\u00ea-lo de forma diferente, mais confort\u00e1vel, mais de acordo com o sentido que queremos dar para nossas vidas. Para isso trabalharemos com fatos de nossas pr\u00f3prias vidas. Este trabalho ser\u00e1 feito com palavras e arte. Ningu\u00e9m precisa ser artista ou ter conhecimentos pr\u00e9vios de Antroposofia para participar, \u00e9 claro.<\/p>\n<p>Muitas das quest\u00f5es que nos colocamos hoje s\u00e3o percebidas de modo diferente quando as situamos no contexto mais amplo da vida toda. A troca de experi\u00eancias de vida num grupo \u00e9 enriquecedora e suaviza os sentimentos ligados a essas experi\u00eancias.<\/p>\n<p><span style=\"text-decoration: underline;\"><strong><span style=\"color: #33cccc;\">Coordenado por:<\/span><\/strong><\/span><\/p>\n<ul>\n<li><span style=\"color: #000000;\">Nina Veiga<\/span><\/li>\n<\/ul>\n<p>Educadora Waldorf e Psicopedagoga art\u00edstica, mestre em linguagem e cultura.<\/p>\n<ul>\n<li>Ros\u00e2ngela Cunha<\/li>\n<\/ul>\n<p>Psic\u00f3loga, Gestalt-terapeuta e Terapeuta Biogr\u00e1fica.<\/p>\n<ul>\n<li>Marcelo Guerra<\/li>\n<\/ul>\n<p>M\u00e9dico Homeopata e Terapeuta Biogr\u00e1fico.<\/p>\n<h4>Onde e quando?<\/h4>\n<p>Em Nova Friburgo, no <a href=\"http:\/\/www.valedeluz.org.br\/index.php?opc=1&amp;hpid=4\" target=\"_blank\" rel=\"noopener\">S\u00edtio Vale de Luz<\/a>, de 4 a 7 de setembro (feriado da Independ\u00eancia) de 2010.<\/p>\n<h4>Quanto?<\/h4>\n<p>R$450,00 ou 5X R$90,00<\/p>\n<p>(O pre\u00e7o inclui os honor\u00e1rios e deslocamento dos coordenadores, os materiais usados durante o workshop, a divulga\u00e7\u00e3o, a hospedagem em quartos compartilhados e a alimenta\u00e7\u00e3o. A inscri\u00e7\u00e3o \u00e9 confirmada com o dep\u00f3sito da primeira parcela.)<\/p>\n<p>Escreva para\u00a0<a href=\"mailto:rosangela@terapiabiografica.com.br\" target=\"_blank\" rel=\"noopener\">rosangela@terapiabiografica.com.br<\/a>,\u00a0\u00a0ou\u00a0<a href=\"mailto:marceloguerra@terapiabiografica.com.br\">marceloguerra@terapiabiografica.com.br<\/a> para mais informa\u00e7\u00f5es. Ou ligue para:<\/p>\n<p>(21)7697-8982 ou (22)9254-4866<\/p>\n","protected":false},"excerpt":{"rendered":"<p>Tecendo a Manh\u00e3 Um galo sozinho n\u00e3o tece uma manh\u00e3: ele precisar\u00e1 sempre de outros galos. De um que apanhe esse grito que ele e o lance a outro; de um outro galo que apanhe o grito de um galo antes e o lance a outro; e de outros galos que com muitos outros galos &hellip; <\/p>\n<p class=\"link-more\"><a href=\"https:\/\/site.marceloguerra.com.br\/index.php\/2010\/08\/12\/tecendo-o-fio-do-destino-em-nova-friburgo\/\" class=\"more-link\">Continue reading<span class=\"screen-reader-text\"> &#8220;Tecendo o Fio do Destino, em Nova Friburgo&#8221;<\/span><\/a><\/p>\n","protected":false},"author":1,"featured_media":0,"comment_status":"closed","ping_status":"open","sticky":false,"template":"","format":"standard","meta":{"_jetpack_memberships_contains_paid_content":false,"footnotes":""},"categories":[11],"tags":[],"class_list":["post-255","post","type-post","status-publish","format-standard","hentry","category-medico"],"jetpack_featured_media_url":"","jetpack-related-posts":[],"jetpack_sharing_enabled":true,"_links":{"self":[{"href":"https:\/\/site.marceloguerra.com.br\/index.php\/wp-json\/wp\/v2\/posts\/255","targetHints":{"allow":["GET"]}}],"collection":[{"href":"https:\/\/site.marceloguerra.com.br\/index.php\/wp-json\/wp\/v2\/posts"}],"about":[{"href":"https:\/\/site.marceloguerra.com.br\/index.php\/wp-json\/wp\/v2\/types\/post"}],"author":[{"embeddable":true,"href":"https:\/\/site.marceloguerra.com.br\/index.php\/wp-json\/wp\/v2\/users\/1"}],"replies":[{"embeddable":true,"href":"https:\/\/site.marceloguerra.com.br\/index.php\/wp-json\/wp\/v2\/comments?post=255"}],"version-history":[{"count":0,"href":"https:\/\/site.marceloguerra.com.br\/index.php\/wp-json\/wp\/v2\/posts\/255\/revisions"}],"wp:attachment":[{"href":"https:\/\/site.marceloguerra.com.br\/index.php\/wp-json\/wp\/v2\/media?parent=255"}],"wp:term":[{"taxonomy":"category","embeddable":true,"href":"https:\/\/site.marceloguerra.com.br\/index.php\/wp-json\/wp\/v2\/categories?post=255"},{"taxonomy":"post_tag","embeddable":true,"href":"https:\/\/site.marceloguerra.com.br\/index.php\/wp-json\/wp\/v2\/tags?post=255"}],"curies":[{"name":"wp","href":"https:\/\/api.w.org\/{rel}","templated":true}]}}