{"id":324,"date":"2011-03-02T10:05:25","date_gmt":"2011-03-02T13:05:25","guid":{"rendered":"http:\/\/marceloguerra.com.br\/?p=324"},"modified":"2011-03-02T10:05:25","modified_gmt":"2011-03-02T13:05:25","slug":"voce-tem-a-mente-aberta","status":"publish","type":"post","link":"https:\/\/site.marceloguerra.com.br\/index.php\/2011\/03\/02\/voce-tem-a-mente-aberta\/","title":{"rendered":"Voc\u00ea tem a mente aberta?"},"content":{"rendered":"<p><a href=\"http:\/\/marceloguerra.com.br\" target=\"_blank\" rel=\"noopener\">Marcelo Guerra<\/a><\/p>\n<p><a href=\"https:\/\/i0.wp.com\/marceloguerra.com.br\/wp-content\/uploads\/2011\/03\/quebra_cabeca.jpg\"><img data-recalc-dims=\"1\" loading=\"lazy\" decoding=\"async\" class=\"aligncenter size-medium wp-image-325\" title=\"quebra_cabeca\" src=\"https:\/\/i0.wp.com\/marceloguerra.com.br\/wp-content\/uploads\/2011\/03\/quebra_cabeca-300x224.jpg?resize=300%2C224\" alt=\"\" width=\"300\" height=\"224\" \/><\/a><\/p>\n<p>\u00c9 comum ouvir as pessoas dizerem com orgulho que t\u00eam a mente aberta. Mas o que isso significa realmente? Ao entramos em contato com ideias ou situa\u00e7\u00f5es novas geralmente somamos nossas pr\u00f3prias convic\u00e7\u00f5es, que funcionam como reflexo, checando tudo que nos \u00e9 apresentado. Podemos fazer uma analogia com um grande quebra-cabe\u00e7as, comparando as pecinhas (novas ideias e situa\u00e7\u00f5es) com a foto na tampa da caixa do jogo (nossas ideias preconcebidas). E nos perguntarmos: Ser\u00e1 que podemos ir al\u00e9m do que a tampa do quebra-cabe\u00e7as nos mostra? O mundo se resume \u00e0 tampa do quebra-cabe\u00e7as? E se criarmos um novo quebra-cabe\u00e7as, sem tampa, para nos orientar?<br \/>\nA imagem que o mundo exterior nos oferece muitas vezes pode confirmar nossas cren\u00e7as, mas o que acontece quando est\u00e3o em oposi\u00e7\u00e3o ao que pensamos ou n\u00e3o t\u00eam qualquer rela\u00e7\u00e3o com o que acreditamos? Mesmo sendo capazes de ouvir o outro, nossa tend\u00eancia \u00e9 rejeitar de imediato todos os movimentos de n\u00e3o-conformidade com nossa tampa de quebra-cabe\u00e7as.\ufeff<br \/>\nPara evitar este julgamento apressado, toda vez que estivermos diante de uma experi\u00eancia nova, \u00e9 importante nos mantermos presentes na situa\u00e7\u00e3o, com os sentidos bem alertas, recebendo o que o mundo externo est\u00e1 apresentando. Evitando interpreta\u00e7\u00f5es e infer\u00eancias, tendo uma atitude receptiva \u2013 ou contemplativa \u2013 seremos capazes de perceber sentidos diferentes dos esperados na nossa tampa de quebra-cabe\u00e7as.<br \/>\nUm exemplo banal sobre como isso acontece pode ser percebido quando vamos ao cinema. Se antes lemos uma cr\u00edtica ou entrevista com o diretor explicando os motivos pelos quais realizou a obra, criamos uma determinada expectativa. Mas se resolvemos assistir meio \u00e0s cegas, sem uma \u201cprepara\u00e7\u00e3o\u201d, ficamos abertos para as revela\u00e7\u00f5es do filme sobre nossos sentidos. A segunda op\u00e7\u00e3o proporciona uma experi\u00eancia mais completa.<br \/>\nNa verdade, ap\u00f3s experimentar o que o mundo externo oferece, estando presente sem julgamentos, podemos promover o encontro das impress\u00f5es dos sentidos com as ideias, com resultados enriquecedores.<br \/>\nTer a mente aberta, portanto, n\u00e3o significa abdicar de convic\u00e7\u00f5es, mas estar presente nas situa\u00e7\u00f5es novas que aparecem e s\u00f3 depois refletir sobre como elas agem sobre n\u00f3s. Esta atitude permite um aprendizado muito al\u00e9m de colecionar informa\u00e7\u00f5es, ajuda a construir um conhecimento a partir do mundo real, e \u00e9 ainda mais importante na forma como nos relacionamos com as pessoas.<br \/>\nNuma conversa ou discuss\u00e3o, se tudo que ouvimos passa pelo filtro das convic\u00e7\u00f5es, n\u00e3o h\u00e1 espa\u00e7o para o outro se revelar. E se al\u00e9m das convic\u00e7\u00f5es, este filtro vier preenchido com nossas qualidades e defeitos projetados no outro, n\u00e3o \u00e9 poss\u00edvel perceb\u00ea-lo como realmente \u00e9. Mente aberta n\u00e3o significa aus\u00eancia de convic\u00e7\u00f5es formadas, mas saber reconhecer o outro como ser \u00fanico, com suas pr\u00f3prias certezas. S\u00f3 assim existe abertura para receber o que o outro traz e, talvez, formar um novo quebra-cabe\u00e7as, com cores e formas n\u00e3o programadas.<\/p>\n<p>Artigo publicado originalmente na <a href=\"http:\/\/lauraportal.com.br\/sou\/voce-tem-a-mente-aberta\/\" target=\"_blank\" rel=\"noopener\">Revista L&#8217;Aura<\/a>.<\/p>\n","protected":false},"excerpt":{"rendered":"<p>Marcelo Guerra \u00c9 comum ouvir as pessoas dizerem com orgulho que t\u00eam a mente aberta. Mas o que isso significa realmente? Ao entramos em contato com ideias ou situa\u00e7\u00f5es novas geralmente somamos nossas pr\u00f3prias convic\u00e7\u00f5es, que funcionam como reflexo, checando tudo que nos \u00e9 apresentado. Podemos fazer uma analogia com um grande quebra-cabe\u00e7as, comparando as &hellip; <\/p>\n<p class=\"link-more\"><a href=\"https:\/\/site.marceloguerra.com.br\/index.php\/2011\/03\/02\/voce-tem-a-mente-aberta\/\" class=\"more-link\">Continue reading<span class=\"screen-reader-text\"> &#8220;Voc\u00ea tem a mente aberta?&#8221;<\/span><\/a><\/p>\n","protected":false},"author":1,"featured_media":0,"comment_status":"closed","ping_status":"open","sticky":false,"template":"","format":"standard","meta":{"_jetpack_memberships_contains_paid_content":false,"footnotes":""},"categories":[11],"tags":[],"class_list":["post-324","post","type-post","status-publish","format-standard","hentry","category-medico"],"jetpack_featured_media_url":"","jetpack-related-posts":[],"jetpack_sharing_enabled":true,"_links":{"self":[{"href":"https:\/\/site.marceloguerra.com.br\/index.php\/wp-json\/wp\/v2\/posts\/324","targetHints":{"allow":["GET"]}}],"collection":[{"href":"https:\/\/site.marceloguerra.com.br\/index.php\/wp-json\/wp\/v2\/posts"}],"about":[{"href":"https:\/\/site.marceloguerra.com.br\/index.php\/wp-json\/wp\/v2\/types\/post"}],"author":[{"embeddable":true,"href":"https:\/\/site.marceloguerra.com.br\/index.php\/wp-json\/wp\/v2\/users\/1"}],"replies":[{"embeddable":true,"href":"https:\/\/site.marceloguerra.com.br\/index.php\/wp-json\/wp\/v2\/comments?post=324"}],"version-history":[{"count":0,"href":"https:\/\/site.marceloguerra.com.br\/index.php\/wp-json\/wp\/v2\/posts\/324\/revisions"}],"wp:attachment":[{"href":"https:\/\/site.marceloguerra.com.br\/index.php\/wp-json\/wp\/v2\/media?parent=324"}],"wp:term":[{"taxonomy":"category","embeddable":true,"href":"https:\/\/site.marceloguerra.com.br\/index.php\/wp-json\/wp\/v2\/categories?post=324"},{"taxonomy":"post_tag","embeddable":true,"href":"https:\/\/site.marceloguerra.com.br\/index.php\/wp-json\/wp\/v2\/tags?post=324"}],"curies":[{"name":"wp","href":"https:\/\/api.w.org\/{rel}","templated":true}]}}