{"id":34,"date":"2008-10-24T16:00:28","date_gmt":"2008-10-24T19:00:28","guid":{"rendered":"http:\/\/marceloguerra.com.br\/?p=34"},"modified":"2008-10-24T16:00:28","modified_gmt":"2008-10-24T19:00:28","slug":"biografico-panoramico-em-juiz-de-fora-e-teresopolis","status":"publish","type":"post","link":"https:\/\/site.marceloguerra.com.br\/index.php\/2008\/10\/24\/biografico-panoramico-em-juiz-de-fora-e-teresopolis\/","title":{"rendered":"Biogr\u00e1fico Panor\u00e2mico em Juiz de Fora e Teres\u00f3polis"},"content":{"rendered":"<p class=\"western\" style=\"margin-bottom: 0cm;\"><a href=\"https:\/\/i0.wp.com\/daoterapias.com.br\/wp-content\/uploads\/2008\/10\/image_caminho.jpg\"><img data-recalc-dims=\"1\" loading=\"lazy\" decoding=\"async\" class=\"aligncenter size-medium wp-image-29\" title=\"image_caminho\" src=\"https:\/\/i0.wp.com\/daoterapias.com.br\/wp-content\/uploads\/2008\/10\/image_caminho-300x225.jpg?resize=300%2C225\" alt=\"\" width=\"300\" height=\"225\" \/><\/a><\/p>\n<p class=\"western\" style=\"margin-bottom: 0cm;\">O <a href=\"http:\/\/daoterapias.com.br\/2008\/10\/17\/biografico-panoramico\/\">Biogr\u00e1fico Panor\u00e2mico<\/a> \u00e9 realizado em regime de imers\u00e3o, em locais reservados, onde os participantes podem dedicar-se a trabalhar o seu interior, para retornarem ao seu mundo renovados e modificados.<\/p>\n<p class=\"western\" style=\"margin-bottom: 0cm;\">Os nossos pr\u00f3ximos Biogr\u00e1ficos Panor\u00e2micos ocorrer\u00e3o nas seguintes datas e locais:<\/p>\n<ul>\n<li>Em Juiz de Fora, de 13 a 16 de novembro, no <a href=\"http:\/\/www.provinciadorio.org.br\/retiro\/sf.htm\">Semin\u00e1rio da Floresta<\/a>.<\/li>\n<li>Em Teres\u00f3polis, na <a href=\"http:\/\/www.vraja.com.br\/index.htm\">Pousada &amp; Spa Vrind\u00e1vana<\/a>, na estrada que liga a Nova Friburgo, de 27 a 30 de novembro.<\/li>\n<\/ul>\n<p style=\"text-align: left;\">Escreva para\u00a0<a href=\"mailto:santana@terapiabiografica.com.br\">santana@terapiabiografica.com.br<\/a> ou <a href=\"mailto:marceloguerra@terapiabiografica.com.br\">marceloguerra@terapiabiografica.com.br<\/a> para mais informa\u00e7\u00f5es.<\/p>\n<p class=\"western\" style=\"margin-bottom: 0cm;\">O objetivo do Trabalho Biogr\u00e1fico \u00e9 conhecer a sua vida e percorrer os caminhos da sua pr\u00f3pria hist\u00f3ria reconhecendo os fios que te conduziram at\u00e9 o momento. Atrav\u00e9s do levantamento dos fatos da sua pr\u00f3pria vida e da leitura consciente desses fatos, voc\u00ea trabalhar\u00e1 o panorama familiar e individual desde o seu nascimento at\u00e9 o dia de hoje, podendo ent\u00e3o reescrever a sua hist\u00f3ria com linhas e fios mais claros, passando pelo centro do seu pr\u00f3prio destino.<\/p>\n<p>De dentro de sua hist\u00f3ria, e s\u00f3 assim, \u00e9 poss\u00edvel voc\u00ea reconhecer sua miss\u00e3o humana e transform\u00e1-la em a\u00e7\u00e3o consciente no mundo.<\/p>\n<p>Este trabalho ser\u00e1 de quinta-feira \u00e0 tardinha a domingo ap\u00f3s o almo\u00e7o, em lugar selecionado para instrospec\u00e7\u00e3o e cura.<\/p>\n<p style=\"margin-bottom: 0cm; line-height: 0.39cm;\"><strong><span style=\"color: #c00000;\"><span style=\"font-size: small;\"><span style=\"text-decoration: underline;\">Coordenadores: <\/span><\/span><\/span><\/strong><\/p>\n<ul>\n<li>\n<p style=\"margin-bottom: 0cm; line-height: 0.39cm;\"><strong><span style=\"font-size: small;\"><span style=\"text-decoration: underline;\">Ros\u00e2ngela \tCunha<\/span><\/span><\/strong><\/p>\n<\/li>\n<\/ul>\n<p style=\"margin-bottom: 0cm; line-height: 0.39cm;\"><strong><span style=\"font-size: small;\">Psic\u00f3loga, Gestalt-terapeuta e<\/span><\/strong><strong> <\/strong><strong><span style=\"font-size: small;\"><span style=\"font-style: normal;\">Terapeuta Biogr\u00e1fica <\/span><\/span><\/strong><\/p>\n<ul>\n<li>\n<p style=\"margin-bottom: 0cm;\"><strong><span style=\"font-size: small;\"><span style=\"text-decoration: underline;\">Marcelo \tGuerra<\/span><\/span><\/strong><\/p>\n<\/li>\n<\/ul>\n<p style=\"margin-bottom: 0cm;\"><strong><span style=\"font-size: small;\">M\u00e9dico Homeopata e Terapeuta Biogr\u00e1fico<\/span><\/strong><\/p>\n","protected":false},"excerpt":{"rendered":"<p>O Biogr\u00e1fico Panor\u00e2mico \u00e9 realizado em regime de imers\u00e3o, em locais reservados, onde os participantes podem dedicar-se a trabalhar o seu interior, para retornarem ao seu mundo renovados e modificados. Os nossos pr\u00f3ximos Biogr\u00e1ficos Panor\u00e2micos ocorrer\u00e3o nas seguintes datas e locais: Em Juiz de Fora, de 13 a 16 de novembro, no Semin\u00e1rio da Floresta. &hellip; <\/p>\n<p class=\"link-more\"><a href=\"https:\/\/site.marceloguerra.com.br\/index.php\/2008\/10\/24\/biografico-panoramico-em-juiz-de-fora-e-teresopolis\/\" class=\"more-link\">Continue reading<span class=\"screen-reader-text\"> &#8220;Biogr\u00e1fico Panor\u00e2mico em Juiz de Fora e Teres\u00f3polis&#8221;<\/span><\/a><\/p>\n","protected":false},"author":1,"featured_media":0,"comment_status":"closed","ping_status":"open","sticky":false,"template":"","format":"standard","meta":{"_jetpack_memberships_contains_paid_content":false,"footnotes":""},"categories":[6,10,18,20],"tags":[62,68,70,100],"class_list":["post-34","post","type-post","status-publish","format-standard","hentry","category-biografico","category-juiz-de-fora","category-terapia-biografica","category-teresopolis","tag-antroposofia","tag-biografia","tag-biografico","tag-terapia-biografica"],"jetpack_featured_media_url":"","jetpack-related-posts":[],"jetpack_sharing_enabled":true,"_links":{"self":[{"href":"https:\/\/site.marceloguerra.com.br\/index.php\/wp-json\/wp\/v2\/posts\/34","targetHints":{"allow":["GET"]}}],"collection":[{"href":"https:\/\/site.marceloguerra.com.br\/index.php\/wp-json\/wp\/v2\/posts"}],"about":[{"href":"https:\/\/site.marceloguerra.com.br\/index.php\/wp-json\/wp\/v2\/types\/post"}],"author":[{"embeddable":true,"href":"https:\/\/site.marceloguerra.com.br\/index.php\/wp-json\/wp\/v2\/users\/1"}],"replies":[{"embeddable":true,"href":"https:\/\/site.marceloguerra.com.br\/index.php\/wp-json\/wp\/v2\/comments?post=34"}],"version-history":[{"count":0,"href":"https:\/\/site.marceloguerra.com.br\/index.php\/wp-json\/wp\/v2\/posts\/34\/revisions"}],"wp:attachment":[{"href":"https:\/\/site.marceloguerra.com.br\/index.php\/wp-json\/wp\/v2\/media?parent=34"}],"wp:term":[{"taxonomy":"category","embeddable":true,"href":"https:\/\/site.marceloguerra.com.br\/index.php\/wp-json\/wp\/v2\/categories?post=34"},{"taxonomy":"post_tag","embeddable":true,"href":"https:\/\/site.marceloguerra.com.br\/index.php\/wp-json\/wp\/v2\/tags?post=34"}],"curies":[{"name":"wp","href":"https:\/\/api.w.org\/{rel}","templated":true}]}}