{"id":347,"date":"2011-05-12T20:54:09","date_gmt":"2011-05-12T23:54:09","guid":{"rendered":"http:\/\/marceloguerra.com.br\/?p=347"},"modified":"2011-05-12T20:54:09","modified_gmt":"2011-05-12T23:54:09","slug":"grupo-de-terapia-biografica-em-sao-paulo","status":"publish","type":"post","link":"https:\/\/site.marceloguerra.com.br\/index.php\/2011\/05\/12\/grupo-de-terapia-biografica-em-sao-paulo\/","title":{"rendered":"Grupo de Terapia Biogr\u00e1fica em S\u00e3o Paulo"},"content":{"rendered":"<p><a href=\"https:\/\/i0.wp.com\/www.terapiabiografica.com.br\/wp-content\/uploads\/2011\/05\/biography2.jpg\"><img data-recalc-dims=\"1\" loading=\"lazy\" decoding=\"async\" class=\"aligncenter size-full wp-image-296\" title=\"biography2\" src=\"https:\/\/i0.wp.com\/www.terapiabiografica.com.br\/wp-content\/uploads\/2011\/05\/biography2.jpg?resize=277%2C257\" alt=\"\" width=\"277\" height=\"257\" \/><\/a><\/p>\n<p><span style=\"color: #000000;\"><span style=\"font-family: Arial,sans-serif;\"><span style=\"font-size: small;\">Voc\u00ea passa a vida buscando um sentido para ela (a vida). Na maior parte do tempo, essa busca \u00e9 fora, seja aderindo e vestindo a camisa de uma ideologia, comprando, jogando em outra pessoa a responsabilidade pela sua felicidade, e por a\u00ed vai. Geralmente quando voc\u00ea olha para dentro de si, esse olhar vai carregado de julgamento, ou admirando-se muito ou recriminando-se como se fosse o pior dos seres humanos que anda sobre a Terra. <\/span><\/span><\/span><\/p>\n<p><span style=\"color: #000000;\"><span style=\"font-family: Arial,sans-serif;\"><span style=\"font-size: small;\">Este \u00e9 um convite para fazer parte de um grupo de Terapia Biogr\u00e1fica que vou coordenar na cidade de S\u00e3o Paulo. O objetivo deste grupo \u00e9 olhar, junto com os outros participantes, para a pr\u00f3pria hist\u00f3ria, de forma clara e objetiva, sem julgamentos pr\u00e9-concebidos, para chegar a uma imagem mais n\u00edtida de qual o prop\u00f3sito da sua vida. <\/span><\/span><\/span><\/p>\n<p><span style=\"color: #000000;\"><span style=\"font-family: Arial,sans-serif;\"><span style=\"font-size: small;\">Este grupo vai funcionar de forma cont\u00ednua por 8 meses, em que teremos um grupo de discuss\u00e3o s\u00f3 para n\u00f3s na internet, onde trocaremos mensagens e arquivos, indica\u00e7\u00f5es de sites, de livros, filmes, atividades. Uma vez por semana, \u00e0s ter\u00e7as-feiras, 20h, teremos um encontro marcado pelo Skype, onde conversaremos com voz at\u00e9 21h. Voc\u00ea organizar\u00e1 um caderno com fatos da sua vida junto com fotos e lembran\u00e7as para tornar sua biografia algo vivo diante de voc\u00ea. E um s\u00e1bado por m\u00eas teremos um encontro presencial, de 9h \u00e0s 18h, onde voc\u00ea poder\u00e1 fazer atividades vivenciais como pintura em aquarela, modelagem em argila, dan\u00e7as circulares e contos de fadas, que ampliar\u00e3o a compreens\u00e3o do tema do m\u00eas, coroando as discuss\u00f5es com o contato real com o grupo. Para cada tema, teremos um filme para discutir (que assistiremos cada um em sua casa) e alguns textos e m\u00fasicas para alimentar a discuss\u00e3o. <\/span><\/span><\/span><\/p>\n<p><span style=\"color: #000000;\"><span style=\"font-family: Arial,sans-serif;\"><span style=\"font-size: small;\">Os temas que iremos abordar s\u00e3o:<\/span><\/span><\/span><\/p>\n<ul>\n<li><span style=\"color: #000000;\"><span style=\"font-family: Arial,sans-serif;\"><span style=\"font-size: small;\">Inf\u00e2ncia \te fam\u00edlia<\/span><\/span><\/span><\/li>\n<li><span style=\"color: #000000;\"><span style=\"font-family: Arial,sans-serif;\"><span style=\"font-size: small;\">Adolesc\u00eancia \te sexualidade<\/span><\/span><\/span><\/li>\n<li><span style=\"color: #000000;\"><span style=\"font-family: Arial,sans-serif;\"><span style=\"font-size: small;\">Voca\u00e7\u00e3o \te trabalho<\/span><\/span><\/span><\/li>\n<li><span style=\"color: #000000;\"><span style=\"font-family: Arial,sans-serif;\"><span style=\"font-size: small;\">Amor \te relacionamentos<\/span><\/span><\/span><\/li>\n<li><span style=\"color: #000000;\"><span style=\"font-family: Arial,sans-serif;\"><span style=\"font-size: small;\">Amizades<\/span><\/span><\/span><\/li>\n<li><span style=\"color: #000000;\"><span style=\"font-family: Arial,sans-serif;\"><span style=\"font-size: small;\">Dinheiro<\/span><\/span><\/span><\/li>\n<li><span style=\"color: #000000;\"><span style=\"font-family: Arial,sans-serif;\"><span style=\"font-size: small;\">Espiritualidade \te morte<\/span><\/span><\/span><\/li>\n<li><span style=\"color: #000000;\"><span style=\"font-family: Arial,sans-serif;\"><span style=\"font-size: small;\">O \tmal e o perd\u00e3o<\/span><\/span><\/span><\/li>\n<\/ul>\n<p><span style=\"color: #000000;\"><span style=\"font-family: Arial,sans-serif;\"><span style=\"font-size: small;\">Para participar \u00e9 necess\u00e1rio ter mais de 21 anos, ter acesso a um computador com conex\u00e3o \u00e0 internet e ter vontade de olhar para a pr\u00f3pria biografia como quem olha para algo sagrado, que guarda as poss\u00edveis respostas para seus conflitos e indecis\u00f5es.<\/span><\/span><\/span><\/p>\n<p><span style=\"color: #000000;\"><span style=\"font-family: Arial,sans-serif;\"><span style=\"font-size: small;\">O grupo, uma vez formado, ser\u00e1 o mesmo at\u00e9 o fim do 8\u00b0 encontro, por isso \u00e9 importante refletir sobre seu real desejo de participar deste trabalho e evitar inscrever-se pelo impulso. O custo ser\u00e1 de R$250,00 mensais, a 1\u00aa parcela ser\u00e1 paga atrav\u00e9s de dep\u00f3sito no Banco do Brasil ag. 0107-4 conta 20222-3 e as demais ser\u00e3o pagas no 1\u00b0 encontro, com cheques pr\u00e9-datados. O m\u00ednimo de participantes ser\u00e1 de 4 pessoas e o m\u00e1ximo, 10. Se n\u00e3o houver o m\u00ednimo de inscritos at\u00e9 o 1\u00b0 encontro presencial, o in\u00edcio poder\u00e1 ser adiado. Informarei a quem estiver inscrito sobre o andamento das inscri\u00e7\u00f5es. <\/span><\/span><\/span><\/p>\n<p><span style=\"color: #000000;\"><span style=\"font-family: Arial,sans-serif;\"><span style=\"font-size: small;\">Os encontros presenciais ser\u00e3o \u00e0 Rua Mateus Grou, 497 casa 2 (uma vila entre os n\u00fameros 507 e 509), Pinheiros, S\u00e3o Paulo. O telefone para contato \u00e9 (11)6463-6880 e o meu e-mail \u00e9 <\/span><\/span><\/span><a href=\"mailto:marceloguerra@terapiabiografica.com.br\">marceloguerra@terapiabiografica.com.br<\/a><span style=\"color: #000000;\"><span style=\"font-family: Arial,sans-serif;\"><span style=\"font-size: x-small;\"> .<\/span><\/span><\/span><\/p>\n<p><span style=\"color: #000000;\"><span style=\"font-family: Arial,sans-serif;\"><span style=\"font-size: small;\">As datas dos encontros presenciais s\u00e3o as seguintes:<\/span><\/span><\/span><\/p>\n<ul>\n<li><span style=\"color: #000000;\"><span style=\"font-family: Arial,sans-serif;\"><span style=\"font-size: small;\">18 \tde junho <\/span><\/span><\/span>de 2011;<\/li>\n<li>16 de julho de 2011;<\/li>\n<li>13 de agosto de 2011;<\/li>\n<li>17 de setembro de 2011;<\/li>\n<li>15 de outubro de 2011;<\/li>\n<li>12 de novembro de 2011;<\/li>\n<li>10 de dezembro de 2011;<\/li>\n<li>14 de janeiro de 2012.<\/li>\n<\/ul>\n<p><span style=\"color: #000000;\"><span style=\"font-family: Arial,sans-serif;\"><span style=\"font-size: small;\">Espero que estejamos juntos nos pr\u00f3ximos 8 meses! Um abra\u00e7o,<\/span><\/span><\/span><\/p>\n<p><span style=\"color: #000000;\"><span style=\"font-family: Arial,sans-serif;\"><span style=\"font-size: small;\">Marcelo Guerra<\/span><\/span><\/span><\/p>\n<h2 style=\"text-align: center;\"><span style=\"color: #ff00ff;\"><span style=\"font-family: Arial,sans-serif;\"><span style=\"font-size: large;\"><span style=\"text-decoration: underline;\"><strong><a href=\"https:\/\/spreadsheets.google.com\/a\/terapiabiografica.com.br\/spreadsheet\/viewform?formkey=dFhwNVIta0ZUcGtPVU5fcDZQRkVycXc6MQ\">Clique aqui para fazer sua inscri\u00e7\u00e3o.<\/a><\/strong><\/span><\/span><\/span><\/span><\/h2>\n<p><span style=\"color: #ff0000;\"><span style=\"font-family: Arial,sans-serif;\"><span style=\"font-size: large;\"><span style=\"text-decoration: underline;\"><strong><br \/>\n<\/strong><\/span><\/span><\/span><\/span><\/p>\n","protected":false},"excerpt":{"rendered":"<p>Voc\u00ea passa a vida buscando um sentido para ela (a vida). Na maior parte do tempo, essa busca \u00e9 fora, seja aderindo e vestindo a camisa de uma ideologia, comprando, jogando em outra pessoa a responsabilidade pela sua felicidade, e por a\u00ed vai. Geralmente quando voc\u00ea olha para dentro de si, esse olhar vai carregado &hellip; <\/p>\n<p class=\"link-more\"><a href=\"https:\/\/site.marceloguerra.com.br\/index.php\/2011\/05\/12\/grupo-de-terapia-biografica-em-sao-paulo\/\" class=\"more-link\">Continue reading<span class=\"screen-reader-text\"> &#8220;Grupo de Terapia Biogr\u00e1fica em S\u00e3o Paulo&#8221;<\/span><\/a><\/p>\n","protected":false},"author":1,"featured_media":0,"comment_status":"closed","ping_status":"open","sticky":false,"template":"","format":"standard","meta":{"_jetpack_memberships_contains_paid_content":false,"footnotes":""},"categories":[6,15,17,18],"tags":[],"class_list":["post-347","post","type-post","status-publish","format-standard","hentry","category-biografico","category-psicoterapia","category-terapia","category-terapia-biografica"],"jetpack_featured_media_url":"","jetpack-related-posts":[],"jetpack_sharing_enabled":true,"_links":{"self":[{"href":"https:\/\/site.marceloguerra.com.br\/index.php\/wp-json\/wp\/v2\/posts\/347","targetHints":{"allow":["GET"]}}],"collection":[{"href":"https:\/\/site.marceloguerra.com.br\/index.php\/wp-json\/wp\/v2\/posts"}],"about":[{"href":"https:\/\/site.marceloguerra.com.br\/index.php\/wp-json\/wp\/v2\/types\/post"}],"author":[{"embeddable":true,"href":"https:\/\/site.marceloguerra.com.br\/index.php\/wp-json\/wp\/v2\/users\/1"}],"replies":[{"embeddable":true,"href":"https:\/\/site.marceloguerra.com.br\/index.php\/wp-json\/wp\/v2\/comments?post=347"}],"version-history":[{"count":0,"href":"https:\/\/site.marceloguerra.com.br\/index.php\/wp-json\/wp\/v2\/posts\/347\/revisions"}],"wp:attachment":[{"href":"https:\/\/site.marceloguerra.com.br\/index.php\/wp-json\/wp\/v2\/media?parent=347"}],"wp:term":[{"taxonomy":"category","embeddable":true,"href":"https:\/\/site.marceloguerra.com.br\/index.php\/wp-json\/wp\/v2\/categories?post=347"},{"taxonomy":"post_tag","embeddable":true,"href":"https:\/\/site.marceloguerra.com.br\/index.php\/wp-json\/wp\/v2\/tags?post=347"}],"curies":[{"name":"wp","href":"https:\/\/api.w.org\/{rel}","templated":true}]}}