{"id":354,"date":"2011-09-20T08:46:23","date_gmt":"2011-09-20T11:46:23","guid":{"rendered":"http:\/\/marceloguerra.com.br\/?p=354"},"modified":"2011-09-20T08:46:23","modified_gmt":"2011-09-20T11:46:23","slug":"cursos-de-biografia-pessoal-em-janeiro-de-2012-inscricoes-abertas","status":"publish","type":"post","link":"https:\/\/site.marceloguerra.com.br\/index.php\/2011\/09\/20\/cursos-de-biografia-pessoal-em-janeiro-de-2012-inscricoes-abertas\/","title":{"rendered":"Cursos de Biografia Pessoal em janeiro de 2012 &#8211; inscri\u00e7\u00f5es abertas"},"content":{"rendered":"<p><a href=\"https:\/\/i0.wp.com\/daoterapias.com.br\/wp-content\/uploads\/2011\/09\/ciclos-sem-logo.jpg\"><img data-recalc-dims=\"1\" loading=\"lazy\" decoding=\"async\" class=\"aligncenter size-full wp-image-834\" title=\"ciclos sem logo\" src=\"https:\/\/i0.wp.com\/daoterapias.com.br\/wp-content\/uploads\/2011\/09\/ciclos-sem-logo.jpg?resize=340%2C317\" alt=\"\" width=\"340\" height=\"317\" \/><\/a><\/p>\n<p>Podemos compreender as fases do desenvolvimento, fazendo uma compara\u00e7\u00e3o com as esta\u00e7\u00f5es do ano. De zero at\u00e9 mais ou menos 21 anos, vivemos a primavera. Fase em que crescemos e vamos amadurecendo. Em seguida vem o ver\u00e3o, um clima de alegria paira no ar, as plantas atingem o m\u00e1ximo da sua vitalidade e tamanho, algo em torno dos 21 aos 42 anos no ser humano. No outono os frutos est\u00e3o amadurecidos e precisam ser colhidos, ou doados. Percebemos um declinar das for\u00e7as f\u00edsicas, algo em torno dos 42 aos 63 anos. Finalmente chega o inverno, tempo de recolher-se, as sementes caem e ficam esperando o ver\u00e3o retornar. Podemos compreender essa fase ap\u00f3s 63 anos.<\/p>\n<p>Quando fazemos uma retrospectiva da vida atrav\u00e9s da metodologia biogr\u00e1fica, podemos nos conhecer e compreender nossa exist\u00eancia como passagens, assim como s\u00e3o as esta\u00e7\u00f5es do ano. \u00c9 uma possibilidade de conhecermos nossas sombras e empecilhos que nos afastam de nossas realiza\u00e7\u00f5es, de quem somos realmente e de viabilizar transforma\u00e7\u00f5es.<\/p>\n<p>P\u00fablico-alvo: Adultos que buscam o auto-desenvolvimento de uma forma profunda e individualizada.<\/p>\n<p>Coordenadores:<\/p>\n<ul>\n<li>Ros\u00e2ngela Cunha<\/li>\n<\/ul>\n<p>Psic\u00f3loga, Gestalt-terapeuta e Terapeuta Biogr\u00e1fica<\/p>\n<ul>\n<li>Marcelo Guerra<\/li>\n<\/ul>\n<p>M\u00e9dico Homeopata, Terapeuta Biogr\u00e1fico e Acupunturista.<\/p>\n<p>Locais e datas:<\/p>\n<ul>\n<li>De 5 a 8 de janeiro de 2012, em <strong>S\u00e3o Paulo<\/strong>, no <a href=\"http:\/\/www.centropaulus.com.br\/\" target=\"_blank\" rel=\"noopener\">Centro Paulus<\/a>, em Parelheiros.<\/li>\n<li>De 10 a 14 de janeiro de 2012, em <strong>Concei\u00e7\u00e3o do Ibitipoca (MG)<\/strong>, na <a href=\"http:\/\/estacaoandorinhas.blogspot.com\/\" target=\"_blank\" rel=\"noopener\">Esta\u00e7\u00e3o Andorinhas<\/a>.<\/li>\n<\/ul>\n<p>Pre\u00e7o:<\/p>\n<p>Em S\u00e3o Paulo, R$1.400,00, em su\u00edte individual.<\/p>\n<p>Em Ibitipoca, R$1.100,00, em quarto compartilhado.<\/p>\n<p>O pre\u00e7o inclui a hospedagem na acomoda\u00e7\u00e3o escolhida e todas as refei\u00e7\u00f5es durante o curso. A inscri\u00e7\u00e3o \u00e9 efetivada com o dep\u00f3sito de R$200,00 e o restante dever\u00e1 ser pago durante o curso com 4 cheques pr\u00e9-datados. N\u00e3o haver\u00e1 devolu\u00e7\u00e3o da taxa de inscri\u00e7\u00e3o em caso de desist\u00eancia. Nos reservamos o direito de cancelar o curso se n\u00e3o houver o n\u00famero m\u00ednimo de inscritos.<\/p>\n<p>Para mais informa\u00e7\u00f5es:<\/p>\n<p>Escreva para <a href=\"mailto:dao@daoterapias.com.br\">dao@daoterapias.com.br<\/a> ou telefone para (11)6463-6880 ou (32)8887-8660.<\/p>\n<p>As turmas s\u00e3o necessariamente pequenas devido \u00e0 profundidade do trabalho. <strong><em>N\u00e3o deixe para \u00faltima hora<\/em><\/strong>.<\/p>\n<h2 style=\"text-align: center;\"><a href=\"https:\/\/spreadsheets.google.com\/spreadsheet\/viewform?formkey=dDliRklXUVlUQ0NpOF96YjRaQm9OQWc6MA\" target=\"_blank\" rel=\"noopener\">Fa\u00e7a sua inscri\u00e7\u00e3o online, clicando aqui.<\/a><\/h2>\n","protected":false},"excerpt":{"rendered":"<p>Podemos compreender as fases do desenvolvimento, fazendo uma compara\u00e7\u00e3o com as esta\u00e7\u00f5es do ano. De zero at\u00e9 mais ou menos 21 anos, vivemos a primavera. Fase em que crescemos e vamos amadurecendo. Em seguida vem o ver\u00e3o, um clima de alegria paira no ar, as plantas atingem o m\u00e1ximo da sua vitalidade e tamanho, algo &hellip; <\/p>\n<p class=\"link-more\"><a href=\"https:\/\/site.marceloguerra.com.br\/index.php\/2011\/09\/20\/cursos-de-biografia-pessoal-em-janeiro-de-2012-inscricoes-abertas\/\" class=\"more-link\">Continue reading<span class=\"screen-reader-text\"> &#8220;Cursos de Biografia Pessoal em janeiro de 2012 &#8211; inscri\u00e7\u00f5es abertas&#8221;<\/span><\/a><\/p>\n","protected":false},"author":1,"featured_media":0,"comment_status":"closed","ping_status":"open","sticky":false,"template":"","format":"standard","meta":{"_jetpack_memberships_contains_paid_content":false,"footnotes":""},"categories":[6,18],"tags":[],"class_list":["post-354","post","type-post","status-publish","format-standard","hentry","category-biografico","category-terapia-biografica"],"jetpack_featured_media_url":"","jetpack-related-posts":[],"jetpack_sharing_enabled":true,"_links":{"self":[{"href":"https:\/\/site.marceloguerra.com.br\/index.php\/wp-json\/wp\/v2\/posts\/354","targetHints":{"allow":["GET"]}}],"collection":[{"href":"https:\/\/site.marceloguerra.com.br\/index.php\/wp-json\/wp\/v2\/posts"}],"about":[{"href":"https:\/\/site.marceloguerra.com.br\/index.php\/wp-json\/wp\/v2\/types\/post"}],"author":[{"embeddable":true,"href":"https:\/\/site.marceloguerra.com.br\/index.php\/wp-json\/wp\/v2\/users\/1"}],"replies":[{"embeddable":true,"href":"https:\/\/site.marceloguerra.com.br\/index.php\/wp-json\/wp\/v2\/comments?post=354"}],"version-history":[{"count":0,"href":"https:\/\/site.marceloguerra.com.br\/index.php\/wp-json\/wp\/v2\/posts\/354\/revisions"}],"wp:attachment":[{"href":"https:\/\/site.marceloguerra.com.br\/index.php\/wp-json\/wp\/v2\/media?parent=354"}],"wp:term":[{"taxonomy":"category","embeddable":true,"href":"https:\/\/site.marceloguerra.com.br\/index.php\/wp-json\/wp\/v2\/categories?post=354"},{"taxonomy":"post_tag","embeddable":true,"href":"https:\/\/site.marceloguerra.com.br\/index.php\/wp-json\/wp\/v2\/tags?post=354"}],"curies":[{"name":"wp","href":"https:\/\/api.w.org\/{rel}","templated":true}]}}