{"id":583,"date":"2013-02-17T16:43:50","date_gmt":"2013-02-17T18:43:50","guid":{"rendered":"http:\/\/marceloguerra.com.br\/?p=583"},"modified":"2013-02-17T16:43:50","modified_gmt":"2013-02-17T18:43:50","slug":"grupo-de-estudos-observacao-e-sentido","status":"publish","type":"post","link":"https:\/\/site.marceloguerra.com.br\/index.php\/2013\/02\/17\/grupo-de-estudos-observacao-e-sentido\/","title":{"rendered":"Grupo de Estudos: &#8220;Observa\u00e7\u00e3o e Sentido&#8221;"},"content":{"rendered":"<address><a href=\"https:\/\/i0.wp.com\/daoterapias.com.br\/wp-content\/uploads\/2010\/01\/lemniscata.jpg\"><img data-recalc-dims=\"1\" loading=\"lazy\" decoding=\"async\" class=\"aligncenter\" title=\"lemniscata\" alt=\"\" src=\"https:\/\/i0.wp.com\/daoterapias.com.br\/wp-content\/uploads\/2010\/01\/lemniscata.jpg?resize=500%2C375\" width=\"500\" height=\"375\" \/><\/a><\/address>\n<h3><em>Uma vis\u00e3o abrangente da vida<\/em><\/h3>\n<p>No trabalho terap\u00eautico, na educa\u00e7\u00e3o e na gest\u00e3o de pessoas a Observa\u00e7\u00e3o e o Sentido s\u00e3o os dois pilares. A Observa\u00e7\u00e3o busca no exterior o que o Sentido vai elaborar no interior. Neste grupo de estudos iremos abordar os conceitos que permitir\u00e3o que voc\u00ea desenvolva sua capacidade de observar de forma a obter sentido nas diferentes situa\u00e7\u00f5es encontradas em sua vida e em seu trabalho. A base do trabalho \u00e9 a metodologia cient\u00edfica desenvolvida por Goethe, que parte dos fatos e fen\u00f4menos observados para uma compreens\u00e3o abrangente, em que o pensar e o sentir, a ci\u00eancia e a arte, se fundem para revelar um sentido que poderia passar despercebido.<\/p>\n<p>O objetivo do grupo de estudos \u00e9 desenvolver a observa\u00e7\u00e3o dos fen\u00f4menos para aplica\u00e7\u00e3o em seu trabalho e em sua pr\u00f3pria vida. Nestes quatro meses a \u00eanfase ser\u00e1 nos processos do reino vegetal, que servir\u00e3o como suporte e met\u00e1fora para os processos de vitalidade de seres humanos individuais e grupos.<\/p>\n<p><strong>P\u00fablico Alvo:<\/strong> Profissionais e estudantes dos \u00faltimos per\u00edodos de Psicologia, Medicina, Farm\u00e1cia, Enfermagem, Fisioterapia, Fonoaudiologia, Terapia Ocupacional, Servi\u00e7o Social, Pedagogia e todas as demais carreiras da Educa\u00e7\u00e3o, Profissionais de RH.<\/p>\n<h3>Coordena\u00e7\u00e3o:<\/h3>\n<p><strong>Marcelo Guerra<br \/>\n<\/strong><em>M\u00e9dico Homeopata, Acupunturista e Terapeuta Biogr\u00e1fico, participou do Treinamento em Goetheanismo ministrado pela Clara Passchier na Associa\u00e7\u00e3o Sagres. Foi um dos coordenadores do Curso DAO &#8211; Observa\u00e7\u00e3o e Sentido, em Juiz de Fora (2010).<\/em><\/p>\n<h4>Local:<\/h4>\n<p><em>Rua An\u00edbal Ben\u00e9volo, 51, \u00a0Santana, <strong>S\u00e3o Paulo<\/strong><\/em><\/p>\n<h4><strong>Datas<\/strong>:<\/h4>\n<ul>\n<li>23 de mar\u00e7o de 2013;<\/li>\n<li>13 e 27 de abril de 2013;<\/li>\n<li>11 e 25 de maio de 2013;<\/li>\n<li>8 e 22 de junho de 2013;<\/li>\n<li>6 de julho de 2013.<\/li>\n<\/ul>\n<h4><em>Os encontros ser\u00e3o de 8h \u00e0s 12h.<\/em><\/h4>\n<p>O grupo, uma vez formado, ser\u00e1 o mesmo at\u00e9 o fim do 4\u00b0 encontro, por isso \u00e9 importante refletir sobre seu real desejo de participar deste trabalho e evitar inscrever-se pelo impulso. O custo ser\u00e1 de R$400,00 mensais, a 1\u00aa parcela ser\u00e1 paga atrav\u00e9s de dep\u00f3sito no Banco do Brasil ag. 0107-4 conta 20222-3 e as demais ser\u00e3o pagas no 1\u00b0 encontro, com cheques pr\u00e9-datados, que n\u00e3o ser\u00e3o devolvidos em caso de desist\u00eancia. O m\u00ednimo de participantes ser\u00e1 de 4 pessoas e o m\u00e1ximo, 8. Se n\u00e3o houver o m\u00ednimo de inscritos at\u00e9 o 1\u00b0 encontro presencial, o in\u00edcio poder\u00e1 ser adiado. <em><br \/>\n<\/em><\/p>\n<p>Escreva para\u00a0<a href=\"mailto:marceloguerra@terapiabiografica.com.br\">marceloguerra@terapiabiografica.com.br<\/a>\u00a0para mais informa\u00e7\u00f5es.<\/p>\n<h2 style=\"text-align: center;\"><a href=\"https:\/\/docs.google.com\/a\/terapiabiografica.com.br\/spreadsheet\/viewform?formkey=dFF4NDdpUkNxOFFCSnpDVWJGYXVCN1E6MA#gid=0\"><span style=\"color: #800080;\">Clique aqui para fazer sua inscri\u00e7\u00e3o.<\/span><\/a><\/h2>\n<p>APOIO: Farm\u00e1cia HN Cristiano Homeopatia\u00a0<a href=\"https:\/\/i0.wp.com\/www.terapiabiografica.com.br\/wp-content\/uploads\/2013\/02\/HNCristiano.png\"><img data-recalc-dims=\"1\" loading=\"lazy\" decoding=\"async\" class=\"aligncenter size-full wp-image-434\" alt=\"HNCristiano\" src=\"https:\/\/i0.wp.com\/www.terapiabiografica.com.br\/wp-content\/uploads\/2013\/02\/HNCristiano.png?resize=100%2C118\" width=\"100\" height=\"118\" \/><\/a><\/p>\n<p>&nbsp;<\/p>\n","protected":false},"excerpt":{"rendered":"<p>Uma vis\u00e3o abrangente da vida No trabalho terap\u00eautico, na educa\u00e7\u00e3o e na gest\u00e3o de pessoas a Observa\u00e7\u00e3o e o Sentido s\u00e3o os dois pilares. A Observa\u00e7\u00e3o busca no exterior o que o Sentido vai elaborar no interior. Neste grupo de estudos iremos abordar os conceitos que permitir\u00e3o que voc\u00ea desenvolva sua capacidade de observar de &hellip; <\/p>\n<p class=\"link-more\"><a href=\"https:\/\/site.marceloguerra.com.br\/index.php\/2013\/02\/17\/grupo-de-estudos-observacao-e-sentido\/\" class=\"more-link\">Continue reading<span class=\"screen-reader-text\"> &#8220;Grupo de Estudos: &#8220;Observa\u00e7\u00e3o e Sentido&#8221;&#8221;<\/span><\/a><\/p>\n","protected":false},"author":1,"featured_media":0,"comment_status":"closed","ping_status":"open","sticky":false,"template":"","format":"standard","meta":{"_jetpack_memberships_contains_paid_content":false,"footnotes":""},"categories":[18],"tags":[],"class_list":["post-583","post","type-post","status-publish","format-standard","hentry","category-terapia-biografica"],"jetpack_featured_media_url":"","jetpack-related-posts":[],"jetpack_sharing_enabled":true,"_links":{"self":[{"href":"https:\/\/site.marceloguerra.com.br\/index.php\/wp-json\/wp\/v2\/posts\/583","targetHints":{"allow":["GET"]}}],"collection":[{"href":"https:\/\/site.marceloguerra.com.br\/index.php\/wp-json\/wp\/v2\/posts"}],"about":[{"href":"https:\/\/site.marceloguerra.com.br\/index.php\/wp-json\/wp\/v2\/types\/post"}],"author":[{"embeddable":true,"href":"https:\/\/site.marceloguerra.com.br\/index.php\/wp-json\/wp\/v2\/users\/1"}],"replies":[{"embeddable":true,"href":"https:\/\/site.marceloguerra.com.br\/index.php\/wp-json\/wp\/v2\/comments?post=583"}],"version-history":[{"count":0,"href":"https:\/\/site.marceloguerra.com.br\/index.php\/wp-json\/wp\/v2\/posts\/583\/revisions"}],"wp:attachment":[{"href":"https:\/\/site.marceloguerra.com.br\/index.php\/wp-json\/wp\/v2\/media?parent=583"}],"wp:term":[{"taxonomy":"category","embeddable":true,"href":"https:\/\/site.marceloguerra.com.br\/index.php\/wp-json\/wp\/v2\/categories?post=583"},{"taxonomy":"post_tag","embeddable":true,"href":"https:\/\/site.marceloguerra.com.br\/index.php\/wp-json\/wp\/v2\/tags?post=583"}],"curies":[{"name":"wp","href":"https:\/\/api.w.org\/{rel}","templated":true}]}}