{"id":8,"date":"2008-05-26T12:24:52","date_gmt":"2008-05-26T15:24:52","guid":{"rendered":"http:\/\/marceloguerra.com.br\/?p=6"},"modified":"2008-05-26T12:24:52","modified_gmt":"2008-05-26T15:24:52","slug":"o-que-e-onde-estudei","status":"publish","type":"post","link":"https:\/\/site.marceloguerra.com.br\/index.php\/2008\/05\/26\/o-que-e-onde-estudei\/","title":{"rendered":"O qu\u00ea e onde estudei"},"content":{"rendered":"<p><a href=\"https:\/\/i0.wp.com\/marceloguerra.com.br\/wp-content\/uploads\/2008\/05\/img_7147.jpg\"><img data-recalc-dims=\"1\" loading=\"lazy\" decoding=\"async\" title=\"Marcelo Guerra m\u00e9dico Homeopata\" src=\"https:\/\/i0.wp.com\/marceloguerra.com.br\/wp-content\/uploads\/2008\/05\/img_7147-300x225.jpg?resize=300%2C225\" alt=\"Marcelo Guerra m\u00e9dico Homeopata\" width=\"300\" height=\"225\" \/><\/a><\/p>\n<p>Sou m\u00e9dico atendendo em Nova Friburgo e regi\u00e3o h\u00e1 23 anos, e este ano come\u00e7ando tamb\u00e9m em Rio das Ostras. Trabalho com Medicina Homeop\u00e1tica, Acupuntura e Terapia Biogr\u00e1fica.<br \/>\nNatural de S\u00e3o Gon\u00e7alo (RJ), nasci em 1965, estudei no Col\u00e9gio Municipal Presidente Castello Branco at\u00e9 a oitava s\u00e9rie. Fiz o Ensino M\u00e9dio (no meu tempo chamava-se Segundo Grau) em Niter\u00f3i, no Instituto Gay-Lussac. Passei no Vestibular para Medicina da Universidade Federal do Rio de Janeiro (UFRJ), onde estudei at\u00e9 1989.<br \/>\nEm 1987, ainda durante a Faculdade, entrei para a Escola de Psican\u00e1lise de Niter\u00f3i (j\u00e1 destru\u00edda por sucessivas dissid\u00eancias), onde participei do curso de forma\u00e7\u00e3o de Psicanalistas por 2 anos.<br \/>\nAp\u00f3s graduar-me como m\u00e9dico, por\u00e9m, decidi trabalhar como Pediatra, abandonando a pr\u00e1tica de Psicanalista. Devo a meus estudos em Psican\u00e1lise a capacidade de ouvir os pacientes de forma a reconhecer o que necessita ser tratado em cada caso.<br \/>\nEm 1993 fui aprovado no Concurso para T\u00edtulo de Especialista em Pediatria, da Sociedade Brasileira de Pediatria, tornando-me Especialista em Pediatria.<br \/>\nEm 1990 comecei o Curso de Especializa\u00e7\u00e3o em Homeopatia da Sociedade de Homeopatia do Estado do Rio de Janeiro (SOHERJ), mas, ap\u00f3s 1 ano, resolvi mudar para o curso do Instituto Hahnemanniano do Brasil (IHB), a mais tradicional escola de Homeopatia do pa\u00eds, fundada h\u00e1 mais de 100 anos, onde conclu\u00ed em 1993.<br \/>\nEm 1994 participei do Curso de Fitoterapia promovido pela AFHERJ (Associa\u00e7\u00e3o de Farmac\u00eauticos Homeopatas do Estado do Rio de Janeiro).<br \/>\nEm 1997 fui a Kathmandu, no Nepal, onde trabalhei voluntariamente no Himalayan Healing Centre, funda\u00e7\u00e3o assistencial mantida pelo Lama Gangchen Rimpoche. Nessa oportunidade, entrei em contato com diversos ramos da Medicina Oriental, como Medicina Ayurvedica, Medicina Tibetana, Yogaterapia, \u2026 e fiquei fascinado pelos m\u00e9todos usados e resultados obtidos em muitos, milh\u00f5es mesmo, de pacientes. Fiz cursos l\u00e1 e, desde ent\u00e3o, estou destrinchando os detalhes nos livros que trouxe de l\u00e1, tiro as d\u00favidas (que n\u00e3o s\u00e3o poucas) com os meus professores de l\u00e1 (Dr. Rajesh e Dr. Koirala). Contudo, o que mais ficou desta experi\u00eancia foi a forma de atender o paciente, como um ser humano integral, que sente dor, que sente emo\u00e7\u00f5es, que tem doen\u00e7as org\u00e2nicas mas continua sendo uma pessoa que sofre.<br \/>\nEm 1998 comecei a P\u00f3s-Gradua\u00e7\u00e3o em Acupuntura e Eletroacupuntura na ABACO (Academia Brasileira de Arte e Ci\u00eancia Oriental), no Rio de Janeiro, tendo conclu\u00eddo em agosto de 2000.<br \/>\nEm 2000, participei de um curso de introdu\u00e7\u00e3o \u00e0 Antroposofia, promovido pelo GAIA \u2013 RJ (Grupo de Iniciativas Antropos\u00f3ficas do Rio de Janeiro). Voltei em 2006 para fazer o curso de Fundamenta\u00e7\u00e3o em Antroposofia.<br \/>\nA partir de 2000 comecei a participar do workshop do GEHSH (Grupo de Estudos Homeop\u00e1ticos Samuel Hahnemann), no Rio de Janeiro, sob a coordena\u00e7\u00e3o do \u201cTio\u201d Aldo Farias Dias, um Mestre no sentido mais amplo da palavra! E participei do workshop at\u00e9 dezembro de 2005. No final de 2010 retornei para o GEHSH, onde continuo sempre me atualizando nas novas tend\u00eancias da Homeopatia.<br \/>\nRealizei o curso de\u00a0<a href=\"http:\/\/formacaobiograficamg.com\">Forma\u00e7\u00e3o em Terapia Biogr\u00e1fica, promovido pela Escola Livre de Forma\u00e7\u00e3o Biogr\u00e1fica de Minas Gerais<\/a>. Com este curso, retorno \u00e0s origens de minha carreira, quando meu interesse principal era a Psican\u00e1lise.<br \/>\nFiz o Curso de Medicina Antropos\u00f3fica em Campinas, promovido pela ABMA (Associa\u00e7\u00e3o Brasileira de Medicina Antropos\u00f3fica) em 2009 e 2010. De 2010 a 2012 fiz o Treinamento em Goetheanismo (Fenomenologia baseada nos estudos cient\u00edficos de Goethe) na Associa\u00e7\u00e3o Sagres, em Florian\u00f3polis, tendo como professora a holandesa Clara Passchier, que lecionou por muitos anos no Emerson College.<br \/>\nMeu trabalho \u00e9 realizado basicamente em consult\u00f3rio m\u00e9dico, com Homeopatia e Acupuntura. No fundo, sou um Cl\u00ednico Geral \u00e0 moda antiga, que atende pacientes com as mais diferentes queixas, como alergias, doen\u00e7as reum\u00e1ticas, depress\u00e3o, problemas emocionais, nen\u00e9ns com c\u00f3lica, refluxo, etc. Isto torna minha pr\u00e1tica sempre din\u00e2mica, porque eu nunca sei que tipo de queixa me aguarda quando eu chamar o pr\u00f3ximo paciente, a \u00fanica certeza \u00e9 que eu vou atender uma PESSOA que sofre e quer solu\u00e7\u00e3o para seus sofrimentos.<br \/>\nAtualmente tamb\u00e9m organizo e coordeno grupos de terapia e workshops de auto-desenvolvimento, baseados no trabalho biogr\u00e1fico, sozinho e com parcerias com Nina Veiga, Bettina Happ Dietrich e com Ros\u00e2ngela Cunha, com quem fundei o\u00a0<a href=\"http:\/\/daoterapias.com.br\">DAO Terapias<\/a>.<br \/>\nLeciono temas de Biografia Humana nos cursos de Fundamenta\u00e7\u00e3o em Antroposofia e de Medicina Antropos\u00f3fica do\u00a0<a href=\"http:\/\/www.gepak.com.br\/\" target=\"_blank\" rel=\"noopener\">GEPAK (Grupo de Estudos e Pr\u00e1ticas Antropos\u00f3ficas)<\/a>\u00a0em Petr\u00f3polis e Juiz de Fora.<br \/>\nUma atividade paralela que venho alimentando \u00e9 a escrita. Comecei escrevendo para alguns blogs que criei, como o\u00a0<a href=\"http:\/\/saudealternativa.org\">Sa\u00fade Alternativa<\/a>\u00a0e\u00a0<a href=\"http:\/\/terapiabiografica.com.br\/blog\">Tecendo o Fio da Vida<\/a>. H\u00e1 3 anos fui convidado e passei a escrever para a\u00a0<a href=\"http:\/\/www.personare.com.br\/quem-somos\/colaborador\/28\/marcelo-guerra\">Revista Personare<\/a>, o que me fez entrar em contato com gente do Brasil todo.<\/p>\n<p>Consult\u00f3rios:<\/p>\n<p><strong>Av. Alberto Braune, 99 &#8211; cobertura 5 &#8211; Centro &#8211; Nova Friburgo (RJ) &#8211; Tel: (22) 3066-1564\u00a0<a href=\"https:\/\/i0.wp.com\/www.terapiabiografica.com.br\/wp-content\/uploads\/2009\/12\/novo.gif\"><img data-recalc-dims=\"1\" loading=\"lazy\" decoding=\"async\" title=\"novo\" src=\"https:\/\/i0.wp.com\/www.terapiabiografica.com.br\/wp-content\/uploads\/2009\/12\/novo.gif?resize=50%2C35\" alt=\"\" width=\"50\" height=\"35\" \/><\/a><br \/>\n<\/strong><\/p>\n<p><strong>Av. Governador Roberto Silveira, 557- Costa Azul &#8211; Rio das Ostras (RJ) &#8211; Tel: (22) 2760-6935\u00a0<a href=\"https:\/\/i0.wp.com\/www.terapiabiografica.com.br\/wp-content\/uploads\/2009\/12\/novo.gif\"><img data-recalc-dims=\"1\" loading=\"lazy\" decoding=\"async\" title=\"novo\" src=\"https:\/\/i0.wp.com\/www.terapiabiografica.com.br\/wp-content\/uploads\/2009\/12\/novo.gif?resize=50%2C35\" alt=\"\" width=\"50\" height=\"35\" \/><\/a><br \/>\n<\/strong><\/p>\n<p>&nbsp;<\/p>\n","protected":false},"excerpt":{"rendered":"<p>Sou m\u00e9dico atendendo em Nova Friburgo e regi\u00e3o h\u00e1 23 anos, e este ano come\u00e7ando tamb\u00e9m em Rio das Ostras. Trabalho com Medicina Homeop\u00e1tica, Acupuntura e Terapia Biogr\u00e1fica. Natural de S\u00e3o Gon\u00e7alo (RJ), nasci em 1965, estudei no Col\u00e9gio Municipal Presidente Castello Branco at\u00e9 a oitava s\u00e9rie. Fiz o Ensino M\u00e9dio (no meu tempo chamava-se &hellip; <\/p>\n<p class=\"link-more\"><a href=\"https:\/\/site.marceloguerra.com.br\/index.php\/2008\/05\/26\/o-que-e-onde-estudei\/\" class=\"more-link\">Continue reading<span class=\"screen-reader-text\"> &#8220;O qu\u00ea e onde estudei&#8221;<\/span><\/a><\/p>\n","protected":false},"author":1,"featured_media":0,"comment_status":"closed","ping_status":"open","sticky":false,"template":"","format":"standard","meta":{"_jetpack_memberships_contains_paid_content":false,"footnotes":""},"categories":[2,9,11,13,15,17,18],"tags":[58,76,79,80,85,93,100,106],"class_list":["post-8","post","type-post","status-publish","format-standard","hentry","category-acupuntura","category-homeopatia","category-medico","category-nova-friburgo","category-psicoterapia","category-terapia","category-terapia-biografica","tag-acupuntura","tag-homeopatia","tag-medicina","tag-medico","tag-nova-friburgo","tag-psicoterapia","tag-terapia-biografica","tag-teresopolis"],"jetpack_featured_media_url":"","jetpack-related-posts":[],"jetpack_sharing_enabled":true,"_links":{"self":[{"href":"https:\/\/site.marceloguerra.com.br\/index.php\/wp-json\/wp\/v2\/posts\/8","targetHints":{"allow":["GET"]}}],"collection":[{"href":"https:\/\/site.marceloguerra.com.br\/index.php\/wp-json\/wp\/v2\/posts"}],"about":[{"href":"https:\/\/site.marceloguerra.com.br\/index.php\/wp-json\/wp\/v2\/types\/post"}],"author":[{"embeddable":true,"href":"https:\/\/site.marceloguerra.com.br\/index.php\/wp-json\/wp\/v2\/users\/1"}],"replies":[{"embeddable":true,"href":"https:\/\/site.marceloguerra.com.br\/index.php\/wp-json\/wp\/v2\/comments?post=8"}],"version-history":[{"count":0,"href":"https:\/\/site.marceloguerra.com.br\/index.php\/wp-json\/wp\/v2\/posts\/8\/revisions"}],"wp:attachment":[{"href":"https:\/\/site.marceloguerra.com.br\/index.php\/wp-json\/wp\/v2\/media?parent=8"}],"wp:term":[{"taxonomy":"category","embeddable":true,"href":"https:\/\/site.marceloguerra.com.br\/index.php\/wp-json\/wp\/v2\/categories?post=8"},{"taxonomy":"post_tag","embeddable":true,"href":"https:\/\/site.marceloguerra.com.br\/index.php\/wp-json\/wp\/v2\/tags?post=8"}],"curies":[{"name":"wp","href":"https:\/\/api.w.org\/{rel}","templated":true}]}}