{"id":988,"date":"2018-10-18T10:58:07","date_gmt":"2018-10-18T13:58:07","guid":{"rendered":"http:\/\/marceloguerra.com.br\/?p=988"},"modified":"2018-10-18T10:58:07","modified_gmt":"2018-10-18T13:58:07","slug":"novo-endereco-em-nova-friburgo","status":"publish","type":"post","link":"https:\/\/site.marceloguerra.com.br\/index.php\/2018\/10\/18\/novo-endereco-em-nova-friburgo\/","title":{"rendered":"Novo endere\u00e7o em Nova Friburgo"},"content":{"rendered":"\n<figure class=\"wp-block-image\"><img data-recalc-dims=\"1\" loading=\"lazy\" decoding=\"async\" width=\"525\" height=\"301\" src=\"https:\/\/i0.wp.com\/site.marceloguerra.com.br\/wp-content\/uploads\/2018\/10\/novo-endereco-marcelo-1.jpg?resize=525%2C301&#038;ssl=1\" alt=\"\" class=\"wp-image-991\" srcset=\"https:\/\/i0.wp.com\/site.marceloguerra.com.br\/wp-content\/uploads\/2018\/10\/novo-endereco-marcelo-1.jpg?w=1021&amp;ssl=1 1021w, https:\/\/i0.wp.com\/site.marceloguerra.com.br\/wp-content\/uploads\/2018\/10\/novo-endereco-marcelo-1.jpg?resize=300%2C172&amp;ssl=1 300w, https:\/\/i0.wp.com\/site.marceloguerra.com.br\/wp-content\/uploads\/2018\/10\/novo-endereco-marcelo-1.jpg?resize=768%2C440&amp;ssl=1 768w\" sizes=\"auto, (max-width: 706px) 89vw, (max-width: 767px) 82vw, 740px\" \/><\/figure>\n\n\n\n<p>A partir de 5 de novembro, estarei atendendo em Nova Friburgo somente neste endere\u00e7o:<\/p>\n\n\n\n<p>Avenida Alberto Braune, 4 sala 515, Centro. (Em cima da Bullock)<\/p>\n\n\n\n<p>O telefone para marca\u00e7\u00e3o conta com WhatsApp e SMS, que voc\u00ea pode j\u00e1 utilizar para marcar para novembro. O n\u00famero \u00e9 (22) 98175-7030.<\/p>\n\n\n\n<p>Voc\u00ea tamb\u00e9m pode continuar marcando pelo e-mail <a href=\"mailto:secretaria@marceloguerra.com.br\">secretaria@marceloguerra.com.br<\/a><\/p>\n\n[su_gmap address=&#8221;Marcelo Guerra, m\u00e9dico homeopata em Nova Friburgo&#8221;]","protected":false},"excerpt":{"rendered":"<p>A partir de 5 de novembro, estarei atendendo em Nova Friburgo somente neste endere\u00e7o: Avenida Alberto Braune, 4 sala 515, Centro. (Em cima da Bullock) O telefone para marca\u00e7\u00e3o conta com WhatsApp e SMS, que voc\u00ea pode j\u00e1 utilizar para marcar para novembro. O n\u00famero \u00e9 (22) 98175-7030. Voc\u00ea tamb\u00e9m pode continuar marcando pelo e-mail &hellip; <\/p>\n<p class=\"link-more\"><a href=\"https:\/\/site.marceloguerra.com.br\/index.php\/2018\/10\/18\/novo-endereco-em-nova-friburgo\/\" class=\"more-link\">Continue reading<span class=\"screen-reader-text\"> &#8220;Novo endere\u00e7o em Nova Friburgo&#8221;<\/span><\/a><\/p>\n","protected":false},"author":1,"featured_media":975,"comment_status":"closed","ping_status":"open","sticky":false,"template":"","format":"standard","meta":{"_jetpack_memberships_contains_paid_content":false,"footnotes":""},"categories":[21],"tags":[],"class_list":["post-988","post","type-post","status-publish","format-standard","has-post-thumbnail","hentry","category-uncategorized"],"jetpack_featured_media_url":"https:\/\/i0.wp.com\/site.marceloguerra.com.br\/wp-content\/uploads\/2018\/10\/novo-endereco-marcelo.jpg?fit=1021%2C585&ssl=1","jetpack-related-posts":[],"jetpack_sharing_enabled":true,"_links":{"self":[{"href":"https:\/\/site.marceloguerra.com.br\/index.php\/wp-json\/wp\/v2\/posts\/988","targetHints":{"allow":["GET"]}}],"collection":[{"href":"https:\/\/site.marceloguerra.com.br\/index.php\/wp-json\/wp\/v2\/posts"}],"about":[{"href":"https:\/\/site.marceloguerra.com.br\/index.php\/wp-json\/wp\/v2\/types\/post"}],"author":[{"embeddable":true,"href":"https:\/\/site.marceloguerra.com.br\/index.php\/wp-json\/wp\/v2\/users\/1"}],"replies":[{"embeddable":true,"href":"https:\/\/site.marceloguerra.com.br\/index.php\/wp-json\/wp\/v2\/comments?post=988"}],"version-history":[{"count":0,"href":"https:\/\/site.marceloguerra.com.br\/index.php\/wp-json\/wp\/v2\/posts\/988\/revisions"}],"wp:featuredmedia":[{"embeddable":true,"href":"https:\/\/site.marceloguerra.com.br\/index.php\/wp-json\/wp\/v2\/media\/975"}],"wp:attachment":[{"href":"https:\/\/site.marceloguerra.com.br\/index.php\/wp-json\/wp\/v2\/media?parent=988"}],"wp:term":[{"taxonomy":"category","embeddable":true,"href":"https:\/\/site.marceloguerra.com.br\/index.php\/wp-json\/wp\/v2\/categories?post=988"},{"taxonomy":"post_tag","embeddable":true,"href":"https:\/\/site.marceloguerra.com.br\/index.php\/wp-json\/wp\/v2\/tags?post=988"}],"curies":[{"name":"wp","href":"https:\/\/api.w.org\/{rel}","templated":true}]}}